{"id":56816,"date":"2023-06-24T13:00:00","date_gmt":"2023-06-24T18:00:00","guid":{"rendered":"http:\/\/www.zonaroja.com.mx\/?p=56816"},"modified":"2023-06-24T08:25:09","modified_gmt":"2023-06-24T13:25:09","slug":"inicia-funciones-en-oaxaca-modulo-de-justicia-alternativa-en-materia-laboral","status":"publish","type":"post","link":"https:\/\/zonaroja.com.mx\/?p=56816","title":{"rendered":"Inicia funciones en Oaxaca M\u00f3dulo de Justicia\u00a0Alternativa en\u00a0materia\u00a0laboral"},"content":{"rendered":"\n<p>Redacci\u00f3n\/Zona Roja.<\/p>\n\n\n\n<p>Oaxaca de Ju\u00e1rez, Oax., a 24 de junio de 2023.- Al ser la conciliaci\u00f3n&nbsp;uno de los principios y&nbsp;parte esencial en el nuevo Sistema de Justicia Laboral, el titular del Poder Judicial del Estado, magistrado Eduardo Pinacho S\u00e1nchez,&nbsp;inaugur\u00f3&nbsp;un M\u00f3dulo de Justicia Alternativa en materia laboral, el cual apoyar\u00e1&nbsp;a jueces especializados&nbsp;para que las partes involucradas en procedimientos judiciales, a trav\u00e9s del di\u00e1logo&nbsp;lleguen a acuerdos voluntarios y a una soluci\u00f3n pac\u00edfica, flexible y satisfactoria.&nbsp;<\/p>\n\n\n\n<p>El \u00e1rea est\u00e1 a cargo de la doctora&nbsp;Nancy Flemming Tello, quien cuenta con una amplia experiencia en el tema&nbsp;por haber cursado la Maestr\u00eda en Resoluci\u00f3n de Conflictos y Mediaci\u00f3n,&nbsp;en&nbsp;la Universidad de Le\u00f3n en Espa\u00f1a, Maestr\u00eda en Ciencias Penales por la Universidad de Espa\u00f1a en M\u00e9xico&nbsp;y se encuentra&nbsp;acreditada como capacitadora de mediadores y evaluaci\u00f3n de Desempe\u00f1o, por el Proyecto para la Medici\u00f3n en M\u00e9xico ABA, USAID, adem\u00e1s de que&nbsp;cuenta con certificaci\u00f3n nacional.&nbsp;<\/p>\n\n\n\n<p>Al inaugurar el m\u00f3dulo,&nbsp;ubicado&nbsp;en las instalaciones de los Juzgados Laborales, en la agencia de Santa Mar\u00eda Ixcotel, el presidente del Tribunal Superior de Justicia y del Consejo de la Judicatura&nbsp;destac\u00f3 la importancia de este espacio, ya que&nbsp;traer\u00e1&nbsp;cambios&nbsp;en&nbsp;la&nbsp;forma de atenci\u00f3n a este tipo de asuntos&nbsp;concernientes&nbsp;con diversas pr\u00e1cticas laborales&nbsp;y&nbsp;de&nbsp;relaciones entre patrones y trabajadores.<\/p>\n\n\n\n<p>Acompa\u00f1ado de las directoras del Centro de Justicia Alternativa del Poder Judicial del Estado,&nbsp;Betzzaida&nbsp;Cruz Mendoza; de Planeaci\u00f3n e Inform\u00e1tica, Claudia Elena Barrag\u00e1n \u00c1vila; de Derechos Humanos, Nidia Soledad Mart\u00ednez Esteva y de Periciales, Yadira Piedad Saavedra L\u00f3pez; as\u00ed como&nbsp;del director de Administraci\u00f3n, Jair Garc\u00eda Santos,&nbsp;el secretario ejecutivo del Consejo de la Judicatura, Jes\u00fas Ezequiel Garc\u00eda L\u00f3pez&nbsp;y jueces laborales,&nbsp;el Magistrado&nbsp;Presidente&nbsp;realiz\u00f3 un recorrido por el \u00e1rea.&nbsp;<\/p>\n\n\n\n<p>En entrevista, la doctora&nbsp;Nancy Flemming Tello&nbsp;inform\u00f3 que el m\u00f3dulo&nbsp;apertur\u00f3&nbsp;sus primeros tres expedientes, de los cuales uno ya fue concluido con acuerdos positivos, lo que resulta fundamental porque cumple con las necesidades de cada una de las partes y coadyuva a que&nbsp;privilegiando el di\u00e1logo&nbsp;no se concluya el juicio,&nbsp;con el&nbsp;consiguiente&nbsp;ahorro de tiempo y gastos.<\/p>\n\n\n\n<p>Adem\u00e1s&nbsp;resalt\u00f3 que como parte de sus funciones como conciliadora laboral intervendr\u00e1 en casos cuando las huelgas hayan estallado, de lo cual Oaxaca se convierte en pionero a nivel nacional.<\/p>\n","protected":false},"excerpt":{"rendered":"<p>Redacci\u00f3n\/Zona Roja. Oaxaca de Ju\u00e1rez, Oax., a 24 de junio de 2023.- Al ser la&hellip;<\/p>\n","protected":false},"author":2,"featured_media":56817,"comment_status":"closed","ping_status":"open","sticky":false,"template":"","format":"standard","meta":{"_lmt_disableupdate":"","_lmt_disable":"","_jetpack_memberships_contains_paid_content":false,"footnotes":""},"categories":[109,46],"tags":[223],"class_list":["post-56816","post","type-post","status-publish","format-standard","has-post-thumbnail","hentry","category-minuto-a-minuto","category-zona-blanca","tag-poder-judicial-de-oaxaca"],"jetpack_featured_media_url":"https:\/\/zonaroja.com.mx\/wp-content\/uploads\/2023\/06\/El-nuevo-espacio-se-encuentra-en-los-Juzgados-Laborales-de-Ixcotel.jpeg","jetpack_sharing_enabled":true,"_links":{"self":[{"href":"https:\/\/zonaroja.com.mx\/index.php?rest_route=\/wp\/v2\/posts\/56816","targetHints":{"allow":["GET"]}}],"collection":[{"href":"https:\/\/zonaroja.com.mx\/index.php?rest_route=\/wp\/v2\/posts"}],"about":[{"href":"https:\/\/zonaroja.com.mx\/index.php?rest_route=\/wp\/v2\/types\/post"}],"author":[{"embeddable":true,"href":"https:\/\/zonaroja.com.mx\/index.php?rest_route=\/wp\/v2\/users\/2"}],"replies":[{"embeddable":true,"href":"https:\/\/zonaroja.com.mx\/index.php?rest_route=%2Fwp%2Fv2%2Fcomments&post=56816"}],"version-history":[{"count":1,"href":"https:\/\/zonaroja.com.mx\/index.php?rest_route=\/wp\/v2\/posts\/56816\/revisions"}],"predecessor-version":[{"id":56818,"href":"https:\/\/zonaroja.com.mx\/index.php?rest_route=\/wp\/v2\/posts\/56816\/revisions\/56818"}],"wp:featuredmedia":[{"embeddable":true,"href":"https:\/\/zonaroja.com.mx\/index.php?rest_route=\/wp\/v2\/media\/56817"}],"wp:attachment":[{"href":"https:\/\/zonaroja.com.mx\/index.php?rest_route=%2Fwp%2Fv2%2Fmedia&parent=56816"}],"wp:term":[{"taxonomy":"category","embeddable":true,"href":"https:\/\/zonaroja.com.mx\/index.php?rest_route=%2Fwp%2Fv2%2Fcategories&post=56816"},{"taxonomy":"post_tag","embeddable":true,"href":"https:\/\/zonaroja.com.mx\/index.php?rest_route=%2Fwp%2Fv2%2Ftags&post=56816"}],"curies":[{"name":"wp","href":"https:\/\/api.w.org\/{rel}","templated":true}]}}