{"id":56819,"date":"2023-06-24T14:00:00","date_gmt":"2023-06-24T19:00:00","guid":{"rendered":"http:\/\/www.zonaroja.com.mx\/?p=56819"},"modified":"2023-06-24T08:26:27","modified_gmt":"2023-06-24T13:26:27","slug":"detiene-fiscalia-de-oaxaca-a-sujeto-que-intento-matar-a-una-mujer","status":"publish","type":"post","link":"https:\/\/zonaroja.com.mx\/?p=56819","title":{"rendered":"Detiene Fiscal\u00eda de Oaxaca a sujeto que intent\u00f3 matar a una mujer"},"content":{"rendered":"\n<p>Redacci\u00f3n\/Zona Roja.&nbsp;<\/p>\n\n\n\n<p>Oaxaca de Ju\u00e1rez, Oax., a 24 de junio de 2023.- &nbsp;La Fiscal\u00eda General del Estado de Oaxaca (FGEO) ejecut\u00f3 una orden de aprehensi\u00f3n en contra de D. O. L., alias \u201cEl Culeco\u201d, por el delito de Feminicidio en grado de Tentativa, cometido en la regi\u00f3n de la Costa.&nbsp;<\/p>\n\n\n\n<p>Un equipo especializado en investigaciones con perspectiva de g\u00e9nero intervino al tener conocimiento de los hechos que ocurrieron el 3 de enero de 2023, al interior de un hostal ubicado en la agencia municipal de Mazunte, localidad perteneciente al municipio de Santa Mar\u00eda Tonameca.<\/p>\n\n\n\n<p>En el lugar, la v\u00edctima, identificada como M.N.R. sufri\u00f3 una agresi\u00f3n con un arma punzocortante, derivado de las cuales present\u00f3 lesiones, siendo auxiliada por una tercera persona, mientras el agresor se march\u00f3 del lugar.<\/p>\n\n\n\n<p>Luego de interponer la denuncia correspondiente, la Fiscal\u00eda Especializada para la Atenci\u00f3n a Delitos contra la Mujer por Raz\u00f3n de G\u00e9nero realiz\u00f3 las investigaciones por las cuales obtuvo la orden de aprehensi\u00f3n, misma que fue ejecutada por elementos de la Agencia Estatal de Investigaciones.<\/p>\n\n\n\n<p>Tras la detenci\u00f3n de D. O. L., alias \u201cEl Culeco\u201d, la Fiscal\u00eda lo pondr\u00e1 a disposici\u00f3n de las autoridades correspondientes para determinar su situaci\u00f3n jur\u00eddica en las pr\u00f3ximas horas.<\/p>\n\n\n\n<p>Ante este tipo de delitos, la FGEO efect\u00faa investigaciones con perspectiva de g\u00e9nero para garantizar los derechos de las v\u00edctimas, para que la procuraci\u00f3n de justicia tome en cuenta las particularidades del caso.<\/p>\n\n\n\n<p>Queda en prisi\u00f3n preventiva y vinculado a proceso por tentativa<\/p>\n\n\n\n<p>de feminicidio cometida en el Istmo: Fiscal\u00eda de Oaxaca<\/p>\n\n\n\n<p>VINCULADO A PROCESO<\/p>\n\n\n\n<p>En otro caso, la Fiscal\u00eda General del Estado obtuvo auto de vinculaci\u00f3n a proceso y prisi\u00f3n preventiva en contra de una persona del sexo masculino identificada como G. J. M. R., por los delitos de Tentativa de Feminicidio y Da\u00f1os, cometidos en agravio de su madre, en la regi\u00f3n del Istmo de Tehuantepec.<\/p>\n\n\n\n<p>En el expediente penal quedaron asentados los hechos, que refieren que el 11 de junio de 2023, la v\u00edctima, una mujer identificada como C. M. R., estaba en su vivienda cuando sufri\u00f3 un ataque cometido con un arma cortocontundente, adem\u00e1s que el agresor le prendi\u00f3 fuego a su vivienda.<\/p>\n\n\n\n<p>La situaci\u00f3n ocurri\u00f3 en un domicilio particular ubicado en la colonia Jardines, en el municipio de Chahuites, donde los vecinos intervinieron al escuchar la agresi\u00f3n, por lo que el responsable se alej\u00f3 del lugar.<\/p>\n\n\n\n<p>Al tener conocimiento del caso, la Fiscal\u00eda de Oaxaca inici\u00f3 las investigaciones correspondientes a trav\u00e9s de la Vicefiscal\u00eda Regional del Istmo, que realiz\u00f3 labores con estricto apego a la perspectiva de g\u00e9nero, lo cual permiti\u00f3 reunir las pruebas suficientes para obtener la orden de aprehensi\u00f3n que se ejecut\u00f3 en contra del imputado.<\/p>\n\n\n\n<p>Derivado de los resultados de las indagatorias, G. J. M. R. qued\u00f3 a disposici\u00f3n del Juez que atiende la causa, quien dict\u00f3 auto de vinculaci\u00f3n a proceso en su contra por los delitos de Tentativa de Feminicidio y Da\u00f1os, adem\u00e1s que impuso prisi\u00f3n preventiva y otorg\u00f3 dos meses para el cierre de la investigaci\u00f3n.&nbsp;&nbsp;<\/p>\n\n\n\n<p>&nbsp;En la comisi\u00f3n de este tipo de delitos, la FGEO aplica el Protocolo de Actuaci\u00f3n Ministerial, Pericial y Policial en el Delito de Feminicidio para el Estado de Oaxaca, para brindar acompa\u00f1amiento integral a la v\u00edctima.<\/p>\n","protected":false},"excerpt":{"rendered":"<p>Redacci\u00f3n\/Zona Roja.&nbsp; Oaxaca de Ju\u00e1rez, Oax., a 24 de junio de 2023.- &nbsp;La Fiscal\u00eda General&hellip;<\/p>\n","protected":false},"author":2,"featured_media":56820,"comment_status":"closed","ping_status":"open","sticky":false,"template":"","format":"standard","meta":{"_lmt_disableupdate":"","_lmt_disable":"","_jetpack_memberships_contains_paid_content":false,"footnotes":""},"categories":[109,46],"tags":[494],"class_list":["post-56819","post","type-post","status-publish","format-standard","has-post-thumbnail","hentry","category-minuto-a-minuto","category-zona-blanca","tag-fiscalia-general-del-estado-de-oaxaca"],"jetpack_featured_media_url":"https:\/\/zonaroja.com.mx\/wp-content\/uploads\/2023\/06\/Detenido-Chahuites-tentativa-de-feminicidio.png","jetpack_sharing_enabled":true,"_links":{"self":[{"href":"https:\/\/zonaroja.com.mx\/index.php?rest_route=\/wp\/v2\/posts\/56819","targetHints":{"allow":["GET"]}}],"collection":[{"href":"https:\/\/zonaroja.com.mx\/index.php?rest_route=\/wp\/v2\/posts"}],"about":[{"href":"https:\/\/zonaroja.com.mx\/index.php?rest_route=\/wp\/v2\/types\/post"}],"author":[{"embeddable":true,"href":"https:\/\/zonaroja.com.mx\/index.php?rest_route=\/wp\/v2\/users\/2"}],"replies":[{"embeddable":true,"href":"https:\/\/zonaroja.com.mx\/index.php?rest_route=%2Fwp%2Fv2%2Fcomments&post=56819"}],"version-history":[{"count":1,"href":"https:\/\/zonaroja.com.mx\/index.php?rest_route=\/wp\/v2\/posts\/56819\/revisions"}],"predecessor-version":[{"id":56821,"href":"https:\/\/zonaroja.com.mx\/index.php?rest_route=\/wp\/v2\/posts\/56819\/revisions\/56821"}],"wp:featuredmedia":[{"embeddable":true,"href":"https:\/\/zonaroja.com.mx\/index.php?rest_route=\/wp\/v2\/media\/56820"}],"wp:attachment":[{"href":"https:\/\/zonaroja.com.mx\/index.php?rest_route=%2Fwp%2Fv2%2Fmedia&parent=56819"}],"wp:term":[{"taxonomy":"category","embeddable":true,"href":"https:\/\/zonaroja.com.mx\/index.php?rest_route=%2Fwp%2Fv2%2Fcategories&post=56819"},{"taxonomy":"post_tag","embeddable":true,"href":"https:\/\/zonaroja.com.mx\/index.php?rest_route=%2Fwp%2Fv2%2Ftags&post=56819"}],"curies":[{"name":"wp","href":"https:\/\/api.w.org\/{rel}","templated":true}]}}