{"id":56828,"date":"2023-06-24T17:30:00","date_gmt":"2023-06-24T22:30:00","guid":{"rendered":"http:\/\/www.zonaroja.com.mx\/?p=56828"},"modified":"2023-06-24T08:32:29","modified_gmt":"2023-06-24T13:32:29","slug":"de-aliados-a-rebeldes-rusos-que-es-el-grupo-wagner","status":"publish","type":"post","link":"https:\/\/zonaroja.com.mx\/?p=56828","title":{"rendered":"De aliados a rebeldes rusos: \u00bfQu\u00e9 es el Grupo Wagner?"},"content":{"rendered":"\n<p>Redacci\u00f3n\/Zona Roja Cdmx.<\/p>\n\n\n\n<p>Ciudad de M\u00e9xico, a 24 de junio de 2023.- Yevgeny Prigozhin, propietario de la compa\u00f1\u00eda militar privada Grupo Wagner, intensific\u00f3 su desaf\u00edo al Kremlin, cuando hizo un llamado a una rebeli\u00f3n armada para derrocar al ministro de Defensa Ruso, Sergei Shoigu.<\/p>\n\n\n\n<p>Esto ocurre mientras sube la tensi\u00f3n entre los dos campos rusos enemistados por la guerra en Ucrania.<\/p>\n\n\n\n<p>Wagner es un grupo mercenario fundado por Yevgeny Prigozhin, quien en varias ocasiones ha criticado el \u201cestado profundo\u201d de Rusia, es decir, la administraci\u00f3n presidencial y al ministro de Defensa, Sergei Shoigu.<\/p>\n\n\n\n<p>Hace algunas semanas, el militar dijo que no entiende por qu\u00e9 se libra la guerra en Ucrania y afirm\u00f3 que, mientras haya una lucha, \u201ctendremos que luchar bien\u201d.<\/p>\n\n\n\n<p>Durante la guerra, que lleva m\u00e1s de un a\u00f1o ya, Putin ha hecho un uso extensivo de fuerzas militares nacionales, pero tambi\u00e9n de otras que no est\u00e1n directamente afiliadas al Ej\u00e9rcito, especialmente del Grupo Wagner, una organizaci\u00f3n paramilitar de mercenarios.<\/p>\n\n\n\n<p>El Grupo Wagner ha empleado t\u00e1cticas que muchos encuentran moralmente cuestionables, incluidos los ataques de olas humanas, que implican confiar en un n\u00famero abrumador de atacantes de primera l\u00ednea para someter a la fuerza.<\/p>\n\n\n\n<p>Especialistas destacan que los paramilitares pueden realizar acciones en las que los Estados no quieren ser c\u00f3mplices. En un mundo donde el est\u00e1ndar de prueba es bastante alto cuando se trata de justificar ataques militares debido a las consecuencias de la guerra, los paramilitares en gran medida no cumplen con este est\u00e1ndar.<\/p>\n\n\n\n<p>Rusia ha hecho repetidos esfuerzos para retratar falsamente a las autoridades de Ucrania como simpatizantes nazis.<\/p>\n\n\n\n<p>En tanto, este grupo mercenario tiene una relaci\u00f3n tensa con las fuerzas armadas rusas tradicionales.<\/p>\n\n\n\n<p>\u00bfD\u00d3NDE HA OPERADO?<\/p>\n\n\n\n<p>Wagner fue detectado por primera vez en acci\u00f3n en el este de Ucrania poco despu\u00e9s que estallara un conflicto separatista all\u00ed en abril de 2014, en las semanas posteriores a la anexi\u00f3n de la pen\u00ednsula ucraniana de Crimea por parte de Rusia.<\/p>\n\n\n\n<p>Al tiempo que respaldaba la insurgencia separatista en el Donb\u00e1s, el coraz\u00f3n industrial del este de Ucrania, Rusia neg\u00f3 haber enviado sus propias armas y tropas all\u00ed pese a la enorme evidencia de lo contrario. El involucrar a mercenarios privados en la lucha permiti\u00f3 a Mosc\u00fa mantener cierto grado de negaci\u00f3n.<\/p>\n\n\n\n<p>La compa\u00f1\u00eda de Prigozhin fue llamada Grupo Wagner por el apodo de su primer comandante, Dmitry Utkin, un teniente coronel retirado de las fuerzas especiales del ej\u00e9rcito ruso. Pronto estableci\u00f3 una reputaci\u00f3n de brutalidad y crueldad.<\/p>\n\n\n\n<p>El personal de Wagner tambi\u00e9n se despleg\u00f3 en Siria, donde Rusia apoy\u00f3 al gobierno del presidente Bashar Assad en una guerra civil. En Libia, combatieron al lado de las fuerzas del comandante Jalifa Hafter. El grupo tambi\u00e9n ha operado en la Rep\u00fablica Centroafricana y Mali.<\/p>\n\n\n\n<p>Se dice que Prigozhin ha usado el despliegue de Wagner en Siria y pa\u00edses africanos para obtener lucrativos contratos mineros. La subsecretaria de Estado estadounidense, Victoria Nuland, dijo en enero que la compa\u00f1\u00eda estaba utilizando su acceso al oro y otros recursos en \u00c1frica para financiar las operaciones en Ucrania.<\/p>\n\n\n\n<p>Algunos medios rusos alegaron que Wagner estuvo involucrado en los asesinatos en 2018 de tres periodistas rusos en la Rep\u00fablica Centroafricana que investigaban las actividades del grupo. Tales asesinatos siguen sin resolverse.<\/p>\n\n\n\n<p>\u00bfQUI\u00c9N ES PRIGOZHIN?<\/p>\n\n\n\n<p>Yevgeny Prigozhin, ahora de 61 a\u00f1os, fue condenado por robo y asalto en 1981 y sentenciado a 12 a\u00f1os de prisi\u00f3n. Tras su liberaci\u00f3n, abri\u00f3 un restaurante en San Petersburgo en la d\u00e9cada de 1990. Fue entonces que conoci\u00f3 a Putin, quien fung\u00eda como vicealcalde de la ciudad.<\/p>\n\n\n\n<p>Prigozhin us\u00f3 esa conexi\u00f3n para desarrollar un negocio de catering y obtuvo contratos lucrativos del gobierno ruso que le valieron el apodo del \u201cchef de Putin\u201d. M\u00e1s tarde se expandi\u00f3 a otras \u00e1reas, incluyendo medios de comunicaci\u00f3n y una infame \u201cf\u00e1brica de trolls\u201d en internet por la que Estados Unidos lo acus\u00f3 de intervenir en las elecciones presidenciales de 2016.<\/p>\n\n\n\n<p>En enero, Prigozhin reconoci\u00f3 haber fundado, dirigido y financiado la oscura empresa Grupo Wagner.<\/p>\n\n\n\n<p>Los pa\u00edses occidentales y especialistas de Naciones Unidas han acusado a los mercenarios de Wagner de violar los derechos humanos en toda \u00c1frica, incluyendo en la Rep\u00fablica Centroafricana, Libia y Mali.<\/p>\n\n\n\n<p>En 2021, la Uni\u00f3n Europea acus\u00f3 al grupo de \u201cgraves violaciones de los derechos humanos, entre ellas torturas y ejecuciones y asesinatos extrajudiciales, sumarios o arbitrarios\u201d, y de perpetrar \u201cactividades desestabilizadoras\u201d en la Rep\u00fablica Centroafricana, Libia, Siria y Ucrania.<\/p>\n\n\n\n<p>Ha salido a la luz un video que pretende mostrar algunas de las actividades que han contribuido a la temible reputaci\u00f3n de Wagner.<\/p>\n\n\n\n<p>Un video difundido en l\u00ednea de 2017 mostr\u00f3 a un grupo de personas armadas, supuestamente contratistas de Wagner, torturando a un sirio y golpe\u00e1ndolo hasta la muerte con un mazo antes de mutilar y quemar su cuerpo. Las autoridades rusas ignoraron las solicitudes de los medios y activistas de derechos para que el incidente fuera investigado.<\/p>\n\n\n\n<p>En 2022, otro video mostr\u00f3 a un excontratista de Wagner asesinado con un mazo luego que supuestamente huy\u00f3 al bando ucraniano y fue repatriado. Pese a la indignaci\u00f3n p\u00fablica y las demandas de una investigaci\u00f3n, el Kremlin no hizo nada.<\/p>\n\n\n\n<p>(Con informaci\u00f3n de AP y The Conversation, en \u201cEl Financiero\u201d)<\/p>\n","protected":false},"excerpt":{"rendered":"<p>Redacci\u00f3n\/Zona Roja Cdmx. Ciudad de M\u00e9xico, a 24 de junio de 2023.- Yevgeny Prigozhin, propietario&hellip;<\/p>\n","protected":false},"author":2,"featured_media":56829,"comment_status":"closed","ping_status":"open","sticky":false,"template":"","format":"standard","meta":{"_lmt_disableupdate":"","_lmt_disable":"","_jetpack_memberships_contains_paid_content":false,"footnotes":""},"categories":[109,47],"tags":[3589],"class_list":["post-56828","post","type-post","status-publish","format-standard","has-post-thumbnail","hentry","category-minuto-a-minuto","category-zona-gris","tag-grupo-wagner-rusia"],"jetpack_featured_media_url":"https:\/\/zonaroja.com.mx\/wp-content\/uploads\/2023\/06\/Mercenaros-Grupo-Wagner.jpeg","jetpack_sharing_enabled":true,"_links":{"self":[{"href":"https:\/\/zonaroja.com.mx\/index.php?rest_route=\/wp\/v2\/posts\/56828","targetHints":{"allow":["GET"]}}],"collection":[{"href":"https:\/\/zonaroja.com.mx\/index.php?rest_route=\/wp\/v2\/posts"}],"about":[{"href":"https:\/\/zonaroja.com.mx\/index.php?rest_route=\/wp\/v2\/types\/post"}],"author":[{"embeddable":true,"href":"https:\/\/zonaroja.com.mx\/index.php?rest_route=\/wp\/v2\/users\/2"}],"replies":[{"embeddable":true,"href":"https:\/\/zonaroja.com.mx\/index.php?rest_route=%2Fwp%2Fv2%2Fcomments&post=56828"}],"version-history":[{"count":1,"href":"https:\/\/zonaroja.com.mx\/index.php?rest_route=\/wp\/v2\/posts\/56828\/revisions"}],"predecessor-version":[{"id":56830,"href":"https:\/\/zonaroja.com.mx\/index.php?rest_route=\/wp\/v2\/posts\/56828\/revisions\/56830"}],"wp:featuredmedia":[{"embeddable":true,"href":"https:\/\/zonaroja.com.mx\/index.php?rest_route=\/wp\/v2\/media\/56829"}],"wp:attachment":[{"href":"https:\/\/zonaroja.com.mx\/index.php?rest_route=%2Fwp%2Fv2%2Fmedia&parent=56828"}],"wp:term":[{"taxonomy":"category","embeddable":true,"href":"https:\/\/zonaroja.com.mx\/index.php?rest_route=%2Fwp%2Fv2%2Fcategories&post=56828"},{"taxonomy":"post_tag","embeddable":true,"href":"https:\/\/zonaroja.com.mx\/index.php?rest_route=%2Fwp%2Fv2%2Ftags&post=56828"}],"curies":[{"name":"wp","href":"https:\/\/api.w.org\/{rel}","templated":true}]}}