{"id":56832,"date":"2023-06-24T22:11:27","date_gmt":"2023-06-25T03:11:27","guid":{"rendered":"http:\/\/www.zonaroja.com.mx\/?p=56832"},"modified":"2023-06-25T08:21:37","modified_gmt":"2023-06-25T13:21:37","slug":"en-el-dia-de-visita-de-amlo-a-oaxaca-asesinan-a-dos-personas","status":"publish","type":"post","link":"https:\/\/zonaroja.com.mx\/?p=56832","title":{"rendered":"En el d\u00eda de visita de AMLO a Oaxaca, asesinan a dos personas"},"content":{"rendered":"\n<p>Redacci\u00f3n\/Zona Roja.<\/p>\n\n\n\n<p>Oaxaca de Ju\u00e1rez, Oax.. a 24 de junio de 2023.- Dos personas fueron asesinadas en Oaxaca este s\u00e1bado, d\u00eda en que el Presidente Andr\u00e9s Manuel L\u00f3pez Obrador visita la entidad.&nbsp;<\/p>\n\n\n\n<p>Los dos cueros con disparos de armas de fuego fueron localizados en la carretera federal Oaxaca-M\u00e9xico, en la regi\u00f3n Mixteca, en dos hechos distintos.<\/p>\n\n\n\n<p>En los primeros minutos de hoy se confirm\u00f3 uno de los hallazgos, en la v\u00eda citada pero a la altura del acceso a Tezoatl\u00e1n de Segura y Luna, a\u00fan en jurisdicci\u00f3n de Huajuapan de Le\u00f3n.&nbsp;<\/p>\n\n\n\n<p>El hombre representa alrededor de 30 a\u00f1os de edad y hasta el momento no ha sido identificado.&nbsp;<\/p>\n\n\n\n<p>En tanto que la ma\u00f1ana de hoy, otro cuerpo fue localizado en la misma carretera pero a la altura del acceso a la comunidad de Santa Mar\u00eda Tutla, del municipio de San Andr\u00e9s Dinicuiti.<\/p>\n\n\n\n<p>El indicado aparenta unos 40 a\u00f1os de edad y presenta al menos cuatro impactos de arma de fuego, uno a la altura de la cabeza y tres en la espalda.<\/p>\n\n\n\n<p>Tampoco est\u00e1 v\u00edctima ha sido identificada de manera legal; en ambos casos la Vicefiscal\u00eda Regional de la Mixteca inici\u00f3 las investigaciones correspondientes. <\/p>\n\n\n\n<p>Por otra parte, el mandatario mexicano L\u00f3pez Obrador arrib\u00f3 este s\u00e1bado al municipio de Mat\u00edas Romero y despu\u00e9s se traslad\u00f3 a Salina Cruz, junto con el gobernador Salom\u00f3n Jara Cruz. <\/p>\n","protected":false},"excerpt":{"rendered":"<p>Redacci\u00f3n\/Zona Roja. Oaxaca de Ju\u00e1rez, Oax.. a 24 de junio de 2023.- Dos personas fueron&hellip;<\/p>\n","protected":false},"author":2,"featured_media":56843,"comment_status":"closed","ping_status":"open","sticky":false,"template":"","format":"standard","meta":{"_lmt_disableupdate":"","_lmt_disable":"","_jetpack_memberships_contains_paid_content":false,"footnotes":""},"categories":[1,51],"tags":[],"class_list":["post-56832","post","type-post","status-publish","format-standard","has-post-thumbnail","hentry","category-sin-categoria","category-zona-roja"],"jetpack_featured_media_url":"https:\/\/zonaroja.com.mx\/wp-content\/uploads\/2023\/06\/Asesinado-Mixteca-Dinicuiti.jpg","jetpack_sharing_enabled":true,"_links":{"self":[{"href":"https:\/\/zonaroja.com.mx\/index.php?rest_route=\/wp\/v2\/posts\/56832","targetHints":{"allow":["GET"]}}],"collection":[{"href":"https:\/\/zonaroja.com.mx\/index.php?rest_route=\/wp\/v2\/posts"}],"about":[{"href":"https:\/\/zonaroja.com.mx\/index.php?rest_route=\/wp\/v2\/types\/post"}],"author":[{"embeddable":true,"href":"https:\/\/zonaroja.com.mx\/index.php?rest_route=\/wp\/v2\/users\/2"}],"replies":[{"embeddable":true,"href":"https:\/\/zonaroja.com.mx\/index.php?rest_route=%2Fwp%2Fv2%2Fcomments&post=56832"}],"version-history":[{"count":1,"href":"https:\/\/zonaroja.com.mx\/index.php?rest_route=\/wp\/v2\/posts\/56832\/revisions"}],"predecessor-version":[{"id":56833,"href":"https:\/\/zonaroja.com.mx\/index.php?rest_route=\/wp\/v2\/posts\/56832\/revisions\/56833"}],"wp:featuredmedia":[{"embeddable":true,"href":"https:\/\/zonaroja.com.mx\/index.php?rest_route=\/wp\/v2\/media\/56843"}],"wp:attachment":[{"href":"https:\/\/zonaroja.com.mx\/index.php?rest_route=%2Fwp%2Fv2%2Fmedia&parent=56832"}],"wp:term":[{"taxonomy":"category","embeddable":true,"href":"https:\/\/zonaroja.com.mx\/index.php?rest_route=%2Fwp%2Fv2%2Fcategories&post=56832"},{"taxonomy":"post_tag","embeddable":true,"href":"https:\/\/zonaroja.com.mx\/index.php?rest_route=%2Fwp%2Fv2%2Ftags&post=56832"}],"curies":[{"name":"wp","href":"https:\/\/api.w.org\/{rel}","templated":true}]}}