{"id":56834,"date":"2023-06-25T10:00:00","date_gmt":"2023-06-25T15:00:00","guid":{"rendered":"http:\/\/www.zonaroja.com.mx\/?p=56834"},"modified":"2023-06-25T08:10:55","modified_gmt":"2023-06-25T13:10:55","slug":"detiene-fiscalia-a-feminicida-que-tiro-el-cuerpo-de-su-mujer-en-la-capital-oaxaquena","status":"publish","type":"post","link":"https:\/\/zonaroja.com.mx\/?p=56834","title":{"rendered":"Detiene Fiscal\u00eda a feminicida que tir\u00f3 el cuerpo de su mujer en la capital oaxaque\u00f1a"},"content":{"rendered":"\n<p>Redacci\u00f3n\/Zona Roja.<\/p>\n\n\n\n<p>Oaxaca de Ju\u00e1rez, Oax., a 25 de junio de 2023.- Ten\u00edan 10 a\u00f1os de casados pero un d\u00eda Bertha R. R. decidi\u00f3 separarse de \u00e9l, ante la creciente violencia familiar. En respuesta, V\u00edctor M. P. la asesin\u00f3 a golpes, guard\u00f3 el cuerpo por unos d\u00edas y despu\u00e9s lo fue a tirar a un predio de la parte sur de la ciudad de Oaxaca.<\/p>\n\n\n\n<p>El sujeto ya fue detenido ayer por la Fiscal\u00eda General del Estado de Oaxaca (FGEO) y lo puso a disposici\u00f3n de la autoridad judicial correspondiente, para determinar su situaci\u00f3n jur\u00eddica.&nbsp;<\/p>\n\n\n\n<p>De acuerdo con la causa penal, los hechos ocurrieron el 4 de febrero de 2023, cuando el imputado probablemente habr\u00eda agredido a la v\u00edctima con un objeto contundente, motivo por el cual perdi\u00f3 la vida.&nbsp;<\/p>\n\n\n\n<p>Posteriormente, el 7 de febrero, familiares de la v\u00edctima reportaron su desaparici\u00f3n, mientras que el 10 de ese mismo mes, su cuerpo fue hallado en un predio de la agencia Candiani, del municipio de Oaxaca de Ju\u00e1rez.<\/p>\n\n\n\n<p>Luego de tener conocimiento de los hechos, la Fiscal\u00eda Especializada para la Atenci\u00f3n a Delitos Contra la Mujer por Raz\u00f3n de G\u00e9nero inici\u00f3 una carpeta de investigaci\u00f3n por el delito de Feminicidio Agravado.<\/p>\n\n\n\n<p>Tras presentar las pruebas suficientes, la FGEO obtuvo del Juez, una orden de aprehensi\u00f3n contra el imputado, ejecut\u00e1ndose este s\u00e1bado por parte de elementos de la Agencia Estatal de Investigaciones (AEI), por lo que quedar\u00e1 a disposici\u00f3n de las autoridades correspondientes para determinar su situaci\u00f3n jur\u00eddica en las pr\u00f3ximas horas.<\/p>\n\n\n\n<p>La Fiscal\u00eda de Oaxaca investiga los delitos contra la mujer con un equipo especializado que realiza las labores con perspectiva de g\u00e9nero, lo cual permite ofrecer resultados tangibles para que las v\u00edctimas directas e indirectas tengan acceso pleno a la justicia.<\/p>\n\n\n\n<p>LOGRA SENTENCIA<\/p>\n\n\n\n<p>En otro caso, la Fiscal\u00eda General obtuvo sentencia condenatoria de 20 a\u00f1os de prisi\u00f3n en contra de dos personas del sexo masculino identificadas como E. C. L. y J. C. L., responsables del delito de homicidio calificado con ventaja en agravio de quien en vida respondiera al nombre de A. A. P. (ingeniero de profesi\u00f3n), cometido en noviembre de 2020 en jurisdicci\u00f3n de Oaxaca de Ju\u00e1rez, en la regi\u00f3n de Valles Centrales.<\/p>\n\n\n\n<p>De acuerdo con la carpeta de investigaci\u00f3n, el 21 de noviembre de 2020, los imputados \u2013en compa\u00f1\u00eda de otros sujetos- agredieron a la v\u00edctima de forma f\u00edsica cuando se encontraba en inmediaciones de la colonia Moctezuma, de la agencia de San Mart\u00edn Mexicapan, perteneciente a la capital del estado.<\/p>\n\n\n\n<p>Posteriormente, los sentenciados lesionaron a la v\u00edctima con un objeto punzo cortante (cuchillo), provoc\u00e1ndole heridas que ocasionaron su muerte.<\/p>\n\n\n\n<p>Ante este hecho, la Instituci\u00f3n de procuraci\u00f3n de justicia inici\u00f3 una exhaustiva investigaci\u00f3n -a trav\u00e9s de la Fiscal\u00eda Especializada en Atenci\u00f3n a Delitos de Alto Impacto-, logrando identificar, aprehender y presentar a los imputados ante el Juzgado de Control.<\/p>\n\n\n\n<p>En audiencia y tras validar los datos de prueba proporcionados por la FGEO, el Juez en turno dict\u00f3 sentencia condenatoria de 20 a\u00f1os a cada uno de los responsables, E. C. L. y J. C. L., adem\u00e1s que impuso el pago de m\u00e1s de 430 mil pesos por concepto de reparaci\u00f3n del da\u00f1o.<\/p>\n\n\n\n<p>DETENIDO POR DESAPARICI\u00d3N&nbsp;<\/p>\n\n\n\n<p>Por otra parte, gracias al trabajo legal de la Fiscal\u00eda General del Estado de Oaxaca (FGEO) se ejecut\u00f3 una orden de aprehensi\u00f3n en contra de un hombre identificado como M. P. C., por el delito de Desaparici\u00f3n Forzada Cometida por Particulares, en agravio de A. L. R. C. (mujer), hechos cometidos en la regi\u00f3n de los Valles Centrales.<\/p>\n\n\n\n<p>De acuerdo con las investigaciones encabezadas por Vicefiscal\u00eda General de Atenci\u00f3n a V\u00edctimas y a la Sociedad, a trav\u00e9s de la Unidad Especializada en Desaparici\u00f3n Forzada, los hechos ocurrieron el 26 de marzo de 2020.<\/p>\n\n\n\n<p>En la fecha antes citada, la v\u00edctima fue privada de la libertad cuando se encontraba a orillas del r\u00edo \u201cAtoyac\u201d, en el paraje \u201cYavego\u00bb, en inmediaciones del puente de fierro de Zimatl\u00e1n de \u00c1lvarez, momento desde el que se desconoce su paradero.<\/p>\n\n\n\n<p>Derivado de las indagatorias, se obtuvo una orden de aprehensi\u00f3n por el caso y se ejecut\u00f3, logrando la detenci\u00f3n de M. P. C., quien ser\u00e1 presentado antes las autoridades que lo requirieron para que se determine su situaci\u00f3n jur\u00eddica.<\/p>\n\n\n\n<p>La Fiscal\u00eda de Oaxaca da resultados tangibles, como consecuencia de las labores realizadas por un equipo especializado que trabaja en estricto apego a lo establecido en la ley.<\/p>\n","protected":false},"excerpt":{"rendered":"<p>Redacci\u00f3n\/Zona Roja. Oaxaca de Ju\u00e1rez, Oax., a 25 de junio de 2023.- Ten\u00edan 10 a\u00f1os&hellip;<\/p>\n","protected":false},"author":2,"featured_media":56835,"comment_status":"closed","ping_status":"open","sticky":false,"template":"","format":"standard","meta":{"_lmt_disableupdate":"","_lmt_disable":"","_jetpack_memberships_contains_paid_content":false,"footnotes":""},"categories":[109,46],"tags":[494],"class_list":["post-56834","post","type-post","status-publish","format-standard","has-post-thumbnail","hentry","category-minuto-a-minuto","category-zona-blanca","tag-fiscalia-general-del-estado-de-oaxaca"],"jetpack_featured_media_url":"https:\/\/zonaroja.com.mx\/wp-content\/uploads\/2023\/06\/Feminicida-detenido-Victor-M-P-.jpg","jetpack_sharing_enabled":true,"_links":{"self":[{"href":"https:\/\/zonaroja.com.mx\/index.php?rest_route=\/wp\/v2\/posts\/56834","targetHints":{"allow":["GET"]}}],"collection":[{"href":"https:\/\/zonaroja.com.mx\/index.php?rest_route=\/wp\/v2\/posts"}],"about":[{"href":"https:\/\/zonaroja.com.mx\/index.php?rest_route=\/wp\/v2\/types\/post"}],"author":[{"embeddable":true,"href":"https:\/\/zonaroja.com.mx\/index.php?rest_route=\/wp\/v2\/users\/2"}],"replies":[{"embeddable":true,"href":"https:\/\/zonaroja.com.mx\/index.php?rest_route=%2Fwp%2Fv2%2Fcomments&post=56834"}],"version-history":[{"count":1,"href":"https:\/\/zonaroja.com.mx\/index.php?rest_route=\/wp\/v2\/posts\/56834\/revisions"}],"predecessor-version":[{"id":56836,"href":"https:\/\/zonaroja.com.mx\/index.php?rest_route=\/wp\/v2\/posts\/56834\/revisions\/56836"}],"wp:featuredmedia":[{"embeddable":true,"href":"https:\/\/zonaroja.com.mx\/index.php?rest_route=\/wp\/v2\/media\/56835"}],"wp:attachment":[{"href":"https:\/\/zonaroja.com.mx\/index.php?rest_route=%2Fwp%2Fv2%2Fmedia&parent=56834"}],"wp:term":[{"taxonomy":"category","embeddable":true,"href":"https:\/\/zonaroja.com.mx\/index.php?rest_route=%2Fwp%2Fv2%2Fcategories&post=56834"},{"taxonomy":"post_tag","embeddable":true,"href":"https:\/\/zonaroja.com.mx\/index.php?rest_route=%2Fwp%2Fv2%2Ftags&post=56834"}],"curies":[{"name":"wp","href":"https:\/\/api.w.org\/{rel}","templated":true}]}}