{"id":56837,"date":"2023-06-25T11:00:00","date_gmt":"2023-06-25T16:00:00","guid":{"rendered":"http:\/\/www.zonaroja.com.mx\/?p=56837"},"modified":"2023-06-25T08:12:29","modified_gmt":"2023-06-25T13:12:29","slug":"mercenarios-de-wagner-dan-marcha-atras-y-pactan-con-putin-su-retiro","status":"publish","type":"post","link":"https:\/\/zonaroja.com.mx\/?p=56837","title":{"rendered":"Mercenarios de Wagner dan marcha atr\u00e1s y pactan con Putin su retiro"},"content":{"rendered":"\n<p>Redacci\u00f3n\/Zona Roja Cdmx.<\/p>\n\n\n\n<p>Ciudad de M\u00e9xico, a 25 de junio de 2023.- El jefe del grupo de mercenarios rusos Wagner, Yevgueni Prigozhin, dio hoy marcha atr\u00e1s en su pulso con la c\u00fapula militar rusa y anunci\u00f3 el retorno de sus combatientes a las bases permanentes, con lo que qued\u00f3 zanjada una grave crisis de 24 horas que hizo tambalearse al poder en este pa\u00eds.<\/p>\n\n\n\n<p>\u201cHa llegado el momento de que se puede derramar sangre. Por eso, comprendiendo toda la responsabilidad de que se derrame sangre rusa por una de las partes, nuestras columnas dan media vuelta y regresamos a nuestras bases de acuerdo con el plan\u201d, afirm\u00f3 Prigozhin en un mensaje de audio en su canal de Telegram.<\/p>\n\n\n\n<p>Prigozhin afirm\u00f3 que las \u00e9lites militares rusas, contra las cuales se rebel\u00f3, \u201cquer\u00edan desintegrar Wagner\u201d, y explic\u00f3 que por ello anunci\u00f3 la \u201cmarcha por la justicia\u201d, durante al cual, en 24 horas, avanz\u00f3 hasta llegar a 200 kil\u00f3metros de Mosc\u00fa tras tomar la ciudad sure\u00f1a de Rostov del Don.<\/p>\n\n\n\n<p>\u201cDurante este tiempo no derramamos ni una gota de sangre de nuestros combatientes\u201d, indic\u00f3, al reconocer que esto podr\u00eda haber cambiado.<\/p>\n\n\n\n<p>El jefe del Grupo Wagner hizo este anuncio despu\u00e9s de que el servicio de prensa del presidente de Bielorrusia, Alexandr Lukashneko, afirmara que el mandatario hab\u00eda mediado entre Mosc\u00fa y Prigozhin, con la venia del jefe de Estado ruso, Vlad\u00edmir Putin.<\/p>\n\n\n\n<p>EL MEDIADOR<\/p>\n\n\n\n<p>Minsk se\u00f1al\u00f3 que en estos momentos est\u00e1 sobre la mesa una opci\u00f3n \u201cabsolutamente beneficiosa y aceptable para solucionar la situaci\u00f3n, con garant\u00edas de seguridad para los combatientes de Wagner\u201d.<\/p>\n\n\n\n<p>De acuerdo con la prensa bielorrusa, Putin y Lukashenko volvieron a hablar por tel\u00e9fono la noche del s\u00e1bado y el jefe del Kremlin agradeci\u00f3 a su hom\u00f3logo bielorruso negociar con el dirigente de Wagner.<\/p>\n\n\n\n<p>El presidente bielorruso inform\u00f3 en detalle al presidente ruso sobre el resultado de las negociaciones con la direcci\u00f3n de Wagner\u201d y Putin le agradeci\u00f3 el \u201ctrabajo realizado\u201d, inform\u00f3 el canal Pul Pervogo, vinculado con la Presidencia bielorrusa.<\/p>\n\n\n\n<p>Seg\u00fan el Kremlin, Lukashenko se ofreci\u00f3 para mediar en la situaci\u00f3n puesto que conoce a Prigozhin desde hace 20 a\u00f1os.<\/p>\n\n\n\n<p>\u201cFue su iniciativa personal\u201d, explic\u00f3 el portavoz de la Presidencia rusa, Dmitri Peskov.<\/p>\n\n\n\n<p>Paralelamente, los gobernadores de las regiones, que hoy comenzaron a imponer restricciones para impedir el paso de los milicianos de Wagner hacia Mosc\u00fa, comenzaron a anunciar el levantamiento de las medidas anunciadas.<\/p>\n\n\n\n<p>Mientras, los propios \u201cwagneritas\u201d iniciaron su retorno a las bases permanentes del grupo desde la ciudad de Rostov del Don, donde los habitantes les desped\u00edan con aplausos y palabras de agradecimiento.<\/p>\n\n\n\n<p>Por el momento no se ha pronunciado el l\u00edder checheno Ramz\u00e1n Kad\u00edrov, quien esta ma\u00f1ana anunci\u00f3 el env\u00edo de tropas de la rep\u00fablica rusa para sofocar la rebeli\u00f3n de Prigozhin.<\/p>\n\n\n\n<p>VOCES CR\u00cdTICAS<\/p>\n\n\n\n<p>El ruso \u00cdgor Guirkin, alias Strelkov, l\u00edder de la sublevaci\u00f3n prorrusa en el Donb\u00e1s en 2014 y uno de los mayores detractores de Prigozhin, escribi\u00f3 en Telegram que desconf\u00eda de los \u201cacuerdos\u201d que fueron alcanzados entre las autoridades y Wagner.<\/p>\n\n\n\n<p>\u201cEspero equivocarme\u201d, indic\u00f3, y agreg\u00f3 que en su opini\u00f3n \u201cnada ha acabado por el momento\u201d.<\/p>\n\n\n\n<p>En opini\u00f3n de Guirkin, lo que ocurri\u00f3 en Rusia en estas 24 horas no fue una \u201crebeli\u00f3n\u201d armada, sino un verdadero \u201cgolpe de Estado\u201c.<\/p>\n\n\n\n<p>Si este ha acabado o no, lo sabremos pronto. Tal vez, ma\u00f1ana\u201d, concluy\u00f3.<\/p>\n\n\n\n<p>Prigozhin, que hab\u00eda negado querer dar un golpe de Estado, cruz\u00f3 anoche con 25 mil hombres, seg\u00fan dijo, la frontera rusa a la regi\u00f3n de Rostov desde Ucrania, donde las fuerzas rusas hab\u00edan atacado supuestamente con misiles un campamento del grupo Wagner, para iniciar una \u201cmarcha por la justicia\u201d hacia Mosc\u00fa.<\/p>\n\n\n\n<p>El motivo, agreg\u00f3, es el \u201ccaos\u201d causado por la c\u00fapula militar en la guerra en el pa\u00eds vecino y la muerte de \u201cm\u00e1s de 100.000 soldados rusos\u201d por su culpa.<\/p>\n\n\n\n<p>El que tambi\u00e9n es conocido como el \u201cchef de Putin\u201d por sus negocios de restauraci\u00f3n, asegur\u00f3 que sus hombres avanzar\u00edan hacia Mosc\u00fa mientras no tuvieran en su poder al jefe del Estado Mayor ruso, Valeri Guer\u00e1simov, y al ministro de Defensa, Sergu\u00e9i Shoig\u00fa, a quienes lleva meses acusando de mala gesti\u00f3n de las operaciones militares en Ucrania.<\/p>\n\n\n\n<p>LAS CONDICIONES<\/p>\n\n\n\n<p>Mientras, el Kremlin revel\u00f3 algunas de las condiciones del trato con Wagner alcanzado gracias a Lukashenko.<\/p>\n\n\n\n<p>El jefe del grupo se trasladar\u00e1 a Bielorrusia y las autoridades archivar\u00e1n el caso penal abierto contra \u00e9l.<\/p>\n\n\n\n<p>El caso penal que le fue abierto ser\u00e1 cerrado y \u00e9l (Prigozhin) se ir\u00e1 a Bielorrusia\u201d, afirm\u00f3 Peskov.<\/p>\n\n\n\n<p>Agreg\u00f3 asimismo que tampoco ser\u00e1n perseguidos los otros \u201cwagneritas\u201d que tomaron parte en el mot\u00edn debido a sus \u201cm\u00e9ritos en el frente\u201d.<\/p>\n\n\n\n<p>Mientras, los combatientes que no se rebelaron podr\u00e1n firmar contratos con el Ministerio de Defensa, dijo.<\/p>\n\n\n\n<p>(Con informaci\u00f3n de EFE en L\u00f3pez-D\u00f3riga Digital)<\/p>\n","protected":false},"excerpt":{"rendered":"<p>Redacci\u00f3n\/Zona Roja Cdmx. Ciudad de M\u00e9xico, a 25 de junio de 2023.- El jefe del&hellip;<\/p>\n","protected":false},"author":2,"featured_media":56838,"comment_status":"closed","ping_status":"open","sticky":false,"template":"","format":"standard","meta":{"_lmt_disableupdate":"","_lmt_disable":"","_jetpack_memberships_contains_paid_content":false,"footnotes":""},"categories":[109,47],"tags":[3589],"class_list":["post-56837","post","type-post","status-publish","format-standard","has-post-thumbnail","hentry","category-minuto-a-minuto","category-zona-gris","tag-grupo-wagner-rusia"],"jetpack_featured_media_url":"https:\/\/zonaroja.com.mx\/wp-content\/uploads\/2023\/06\/Putin-y-Wagner-Rusia.png","jetpack_sharing_enabled":true,"_links":{"self":[{"href":"https:\/\/zonaroja.com.mx\/index.php?rest_route=\/wp\/v2\/posts\/56837","targetHints":{"allow":["GET"]}}],"collection":[{"href":"https:\/\/zonaroja.com.mx\/index.php?rest_route=\/wp\/v2\/posts"}],"about":[{"href":"https:\/\/zonaroja.com.mx\/index.php?rest_route=\/wp\/v2\/types\/post"}],"author":[{"embeddable":true,"href":"https:\/\/zonaroja.com.mx\/index.php?rest_route=\/wp\/v2\/users\/2"}],"replies":[{"embeddable":true,"href":"https:\/\/zonaroja.com.mx\/index.php?rest_route=%2Fwp%2Fv2%2Fcomments&post=56837"}],"version-history":[{"count":1,"href":"https:\/\/zonaroja.com.mx\/index.php?rest_route=\/wp\/v2\/posts\/56837\/revisions"}],"predecessor-version":[{"id":56839,"href":"https:\/\/zonaroja.com.mx\/index.php?rest_route=\/wp\/v2\/posts\/56837\/revisions\/56839"}],"wp:featuredmedia":[{"embeddable":true,"href":"https:\/\/zonaroja.com.mx\/index.php?rest_route=\/wp\/v2\/media\/56838"}],"wp:attachment":[{"href":"https:\/\/zonaroja.com.mx\/index.php?rest_route=%2Fwp%2Fv2%2Fmedia&parent=56837"}],"wp:term":[{"taxonomy":"category","embeddable":true,"href":"https:\/\/zonaroja.com.mx\/index.php?rest_route=%2Fwp%2Fv2%2Fcategories&post=56837"},{"taxonomy":"post_tag","embeddable":true,"href":"https:\/\/zonaroja.com.mx\/index.php?rest_route=%2Fwp%2Fv2%2Ftags&post=56837"}],"curies":[{"name":"wp","href":"https:\/\/api.w.org\/{rel}","templated":true}]}}