{"id":5684,"date":"2019-11-12T17:20:59","date_gmt":"2019-11-12T23:20:59","guid":{"rendered":"http:\/\/www.zonaroja.com.mx\/?p=5684"},"modified":"2019-11-12T17:21:04","modified_gmt":"2019-11-12T23:21:04","slug":"exculpa-el-gobernador-murat-a-pobladores-de-coatlan-por-masacre-de-policias","status":"publish","type":"post","link":"https:\/\/zonaroja.com.mx\/?p=5684","title":{"rendered":"Exculpa el gobernador Murat a pobladores de Coatl\u00e1n por masacre de polic\u00edas"},"content":{"rendered":"\n<p>Redacci\u00f3n\/Zona Roja.<\/p>\n\n\n\n<p>Oaxaca de Ju\u00e1rez, Oax., Sin ser\nministerio p\u00fablico ni juez, el gobernador de Oaxaca, Alejandro Murat Hinojosa,\ndeclar\u00f3 inocentes a los pobladores de San Vicente Coatl\u00e1n por la masacre de\ncinco polic\u00edas.<\/p>\n\n\n\n<p>&#8211;\u00bfLos pobladores impidieron un\noperativo para investigar los hechos lamentables que sucedieron en Coatl\u00e1n?<\/p>\n\n\n\n<p>&#8211;Nosotros estamos en un di\u00e1logo con el\nmunicipio de San Vicente Coatl\u00e1n; son nuestros amigos, sabemos que ellos no\ntienen nada que ver, el pueblo, el municipio, en estos lamentables hechos.<\/p>\n\n\n\n<p>As\u00ed respondi\u00f3 el mandatario estatal hoy en entrevista colectiva, acerca de los hechos ocurridos el viernes por la noche, en que fueron asesinados, presuntamente por disparos de armas de grueso calibre, cinco elementos de la Polic\u00eda Estatal, mientras que dos m\u00e1s resultaron lesionados.<\/p>\n\n\n\n<figure class=\"wp-block-embed-twitter wp-block-embed is-type-rich is-provider-twitter\"><div class=\"wp-block-embed__wrapper\">\n<div class=\"twitter-tweet\"><blockquote class=\"twitter-tweet\" data-lang=\"es\"><p lang=\"es\" dir=\"ltr\">Difunden por WhatsApp video con declaraciones del gobernador <a href=\"https:\/\/twitter.com\/alejandromurat?ref_src=twsrc%5Etfw\">@alejandromurat<\/a>, en que exculpa al los pobladores de San Vicente Coatl\u00e1n de la masacre perpetrada en contra de cinco polic\u00edas estatales. <a href=\"https:\/\/t.co\/qOp3bomyY3\">pic.twitter.com\/qOp3bomyY3<\/a><\/p>&mdash; Zona Roja Oaxaca (@MexRoja) <a href=\"https:\/\/twitter.com\/MexRoja\/status\/1194393715038658561?ref_src=twsrc%5Etfw\">12 de noviembre de 2019<\/a><\/blockquote><\/div>\n<\/div><\/figure>\n\n\n\n<p>\u201cCondenamos (el hecho), fue un golpe\nartero, aparte de la familia del gobierno de Oaxaca que son los polic\u00edas, y ah\u00ed\nhabr\u00e1 justicia.<\/p>\n\n\n\n<p>&#8211;\u00bfQu\u00e9 l\u00edneas de investigaci\u00f3n se est\u00e1\nllevando a cabo en este sentido?<\/p>\n\n\n\n<p>&#8211;Bueno, el fiscal tendr\u00e1 que\nresponderlo, lo que yo les tendr\u00eda que decir es que habr\u00e1 justicia.<\/p>\n\n\n\n<p>El gobernador Murat fue entrevistado\nhoy tras un acto p\u00fablico de entrega de ambulancias y equipo m\u00e9dico, en el\nparque \u201cEl Tequio\u201d, ubicado en el municipio de Santa Cruz Xoxocotl\u00e1n.<\/p>\n\n\n\n<p>Por otra parte, presuntamente esta\nma\u00f1ana se habr\u00eda llevado a cabo un fuerte operativo en Vicente Coatl\u00e1n, para\ncatear domicilios en busca de probables autores de la masacre.<\/p>\n\n\n\n<p>No obstante, hasta el momento no hay\ninformaci\u00f3n oficial acerca de si fue aprobado o impedido el ingreso de los\ncuerpos policiacos a ese municipio, perteneciente al distrito de Ejutla, en la\nregi\u00f3n Valles Centrales.<\/p>\n","protected":false},"excerpt":{"rendered":"<p>Redacci\u00f3n\/Zona Roja. Oaxaca de Ju\u00e1rez, Oax., Sin ser ministerio p\u00fablico ni juez, el gobernador de&hellip;<\/p>\n","protected":false},"author":2,"featured_media":5577,"comment_status":"closed","ping_status":"open","sticky":false,"template":"","format":"standard","meta":{"_lmt_disableupdate":"","_lmt_disable":"","_jetpack_memberships_contains_paid_content":false,"footnotes":""},"categories":[109,47],"tags":[],"class_list":["post-5684","post","type-post","status-publish","format-standard","has-post-thumbnail","hentry","category-minuto-a-minuto","category-zona-gris"],"jetpack_featured_media_url":"https:\/\/zonaroja.com.mx\/wp-content\/uploads\/2019\/11\/Masacre-polic\u00edas-Coatl\u00e1n-5.jpg","jetpack_sharing_enabled":true,"_links":{"self":[{"href":"https:\/\/zonaroja.com.mx\/index.php?rest_route=\/wp\/v2\/posts\/5684","targetHints":{"allow":["GET"]}}],"collection":[{"href":"https:\/\/zonaroja.com.mx\/index.php?rest_route=\/wp\/v2\/posts"}],"about":[{"href":"https:\/\/zonaroja.com.mx\/index.php?rest_route=\/wp\/v2\/types\/post"}],"author":[{"embeddable":true,"href":"https:\/\/zonaroja.com.mx\/index.php?rest_route=\/wp\/v2\/users\/2"}],"replies":[{"embeddable":true,"href":"https:\/\/zonaroja.com.mx\/index.php?rest_route=%2Fwp%2Fv2%2Fcomments&post=5684"}],"version-history":[{"count":1,"href":"https:\/\/zonaroja.com.mx\/index.php?rest_route=\/wp\/v2\/posts\/5684\/revisions"}],"predecessor-version":[{"id":5685,"href":"https:\/\/zonaroja.com.mx\/index.php?rest_route=\/wp\/v2\/posts\/5684\/revisions\/5685"}],"wp:featuredmedia":[{"embeddable":true,"href":"https:\/\/zonaroja.com.mx\/index.php?rest_route=\/wp\/v2\/media\/5577"}],"wp:attachment":[{"href":"https:\/\/zonaroja.com.mx\/index.php?rest_route=%2Fwp%2Fv2%2Fmedia&parent=5684"}],"wp:term":[{"taxonomy":"category","embeddable":true,"href":"https:\/\/zonaroja.com.mx\/index.php?rest_route=%2Fwp%2Fv2%2Fcategories&post=5684"},{"taxonomy":"post_tag","embeddable":true,"href":"https:\/\/zonaroja.com.mx\/index.php?rest_route=%2Fwp%2Fv2%2Ftags&post=5684"}],"curies":[{"name":"wp","href":"https:\/\/api.w.org\/{rel}","templated":true}]}}