{"id":56840,"date":"2023-06-25T12:00:00","date_gmt":"2023-06-25T17:00:00","guid":{"rendered":"http:\/\/www.zonaroja.com.mx\/?p=56840"},"modified":"2023-06-25T08:13:45","modified_gmt":"2023-06-25T13:13:45","slug":"despierta-va-por-mexico-y-avala-metodos-para-elegir-aspirantes-a-candidatura","status":"publish","type":"post","link":"https:\/\/zonaroja.com.mx\/?p=56840","title":{"rendered":"Despierta \u201cVa Por M\u00e9xico\u201d y avala m\u00e9todos para elegir aspirantes a candidatura"},"content":{"rendered":"\n<p>Redacci\u00f3n\/Zona Roja Cdmx.<\/p>\n\n\n\n<p>Ciudad de M\u00e9xico, a 25 de junio de 2023.- Los opositores Partido Acci\u00f3n Nacional (PAN), de la Revoluci\u00f3n Institucional (PRI) y de la Revoluci\u00f3n Democr\u00e1tica (PRD), anunciaron que avalaron este s\u00e1bado sus m\u00e9todos internos para elegir a su aspirante a candidato presidencial rumbo a las elecciones de 2024 y se espera que este lunes den a conocer oficialmente estos procesos.<\/p>\n\n\n\n<p>En diferentes comunicados, los tres partidos que conforman la alianza \u201cVa Por M\u00e9xico\u201d, que busca derrotar en las presidenciales del pr\u00f3ximo a\u00f1o al actual gobernante Movimiento de Regeneraci\u00f3n Nacional (Morena), informaron sobre los procesos que llevar\u00e1n a cabo para elegir a los aspirantes que buscar\u00e1n ser el candidato de la alianza.<\/p>\n\n\n\n<p>El PAN, por ejemplo, aprob\u00f3 que los interesados en registrarse como aspirantes tendr\u00e1n que recabar y presentar al menos 150 mil firmas de apoyo, tras ello, deber\u00e1n participar en un sondeo de opini\u00f3n para que solo queden tres aspirantes.<\/p>\n\n\n\n<p>Despu\u00e9s se realizar\u00e1n foros regionales y se har\u00e1 un nuevo sondeo para concluir con una votaci\u00f3n abierta a la ciudadan\u00eda.<\/p>\n\n\n\n<p>El presidente nacional del PAN, Marko Cort\u00e9s Mendoza, advirti\u00f3 que para sacar a Morena de la Presidencia se necesita de la suma de la oposici\u00f3n y sociedad civil \u201ca unidad ser\u00e1 nuestra fuerza en el 2024\u2033, enfatiz\u00f3.<\/p>\n\n\n\n<p>Por su parte, el PRI aval\u00f3, durante su sesi\u00f3n del Consejo Pol\u00edtico Nacional, que la elecci\u00f3n de su aspirante sea a trav\u00e9s de una consulta ciudadana.<\/p>\n\n\n\n<p>\u201cNuestro Consejo Pol\u00edtico Nacional aprob\u00f3 por unanimidad la creaci\u00f3n del Consejo T\u00e9cnico Consultivo del PRI y los mecanismos de consulta para participar en la construcci\u00f3n de un Frente Amplio Opositor\u201d, expres\u00f3 Alejandro Moreno, presidente del partido, en su cuenta de Twitter.<\/p>\n\n\n\n<p>No obstante, ser\u00e1 hasta este lunes cuando se anuncie c\u00f3mo ser\u00e1 el proceso, aunque ha trascendido que los aspirantes tambi\u00e9n tendr\u00e1n que recolectar un m\u00ednimo de 150 mil firmas ciudadanas de respaldo y posteriormente se llevar\u00e1n a cabo foros regionales previo a la encuesta.<\/p>\n\n\n\n<p>En tanto, el PRD tambi\u00e9n buscar\u00e1 a su candidato a trav\u00e9s de una consulta ciudadana, para ello constituy\u00f3 un Consejo Consultivo Permanente de Pol\u00edtica Estrat\u00e9gica \u201cpara construir una agenda pol\u00edtica y plataforma electoral rumbo a las elecciones del 2024. A este \u00f3rgano se integrar\u00e1 a la sociedad civil\u201d, tuite\u00f3 el presidente del partido, Jes\u00fas Zambrano.<\/p>\n\n\n\n<p>Este anuncio ocurre unos d\u00edas despu\u00e9s de que el partido fundado por el actual presidente Andr\u00e9s Manuel L\u00f3pez Obrador, Morena, diera comienzo a su contienda interna para definir a su candidato, que presentar\u00e1 en septiembre.<\/p>\n\n\n\n<p>(Informaci\u00f3n de EFE en \u201cEl Financiero\u201d)<\/p>\n","protected":false},"excerpt":{"rendered":"<p>Redacci\u00f3n\/Zona Roja Cdmx. Ciudad de M\u00e9xico, a 25 de junio de 2023.- Los opositores Partido&hellip;<\/p>\n","protected":false},"author":2,"featured_media":35401,"comment_status":"closed","ping_status":"open","sticky":false,"template":"","format":"standard","meta":{"_lmt_disableupdate":"","_lmt_disable":"","_jetpack_memberships_contains_paid_content":false,"footnotes":""},"categories":[109,47],"tags":[3590],"class_list":["post-56840","post","type-post","status-publish","format-standard","has-post-thumbnail","hentry","category-minuto-a-minuto","category-zona-gris","tag-alianza-va-por-mexico"],"jetpack_featured_media_url":"https:\/\/zonaroja.com.mx\/wp-content\/uploads\/2021\/12\/Alianza-PRI-PAN-PRD.jpg","jetpack_sharing_enabled":true,"_links":{"self":[{"href":"https:\/\/zonaroja.com.mx\/index.php?rest_route=\/wp\/v2\/posts\/56840","targetHints":{"allow":["GET"]}}],"collection":[{"href":"https:\/\/zonaroja.com.mx\/index.php?rest_route=\/wp\/v2\/posts"}],"about":[{"href":"https:\/\/zonaroja.com.mx\/index.php?rest_route=\/wp\/v2\/types\/post"}],"author":[{"embeddable":true,"href":"https:\/\/zonaroja.com.mx\/index.php?rest_route=\/wp\/v2\/users\/2"}],"replies":[{"embeddable":true,"href":"https:\/\/zonaroja.com.mx\/index.php?rest_route=%2Fwp%2Fv2%2Fcomments&post=56840"}],"version-history":[{"count":1,"href":"https:\/\/zonaroja.com.mx\/index.php?rest_route=\/wp\/v2\/posts\/56840\/revisions"}],"predecessor-version":[{"id":56841,"href":"https:\/\/zonaroja.com.mx\/index.php?rest_route=\/wp\/v2\/posts\/56840\/revisions\/56841"}],"wp:featuredmedia":[{"embeddable":true,"href":"https:\/\/zonaroja.com.mx\/index.php?rest_route=\/wp\/v2\/media\/35401"}],"wp:attachment":[{"href":"https:\/\/zonaroja.com.mx\/index.php?rest_route=%2Fwp%2Fv2%2Fmedia&parent=56840"}],"wp:term":[{"taxonomy":"category","embeddable":true,"href":"https:\/\/zonaroja.com.mx\/index.php?rest_route=%2Fwp%2Fv2%2Fcategories&post=56840"},{"taxonomy":"post_tag","embeddable":true,"href":"https:\/\/zonaroja.com.mx\/index.php?rest_route=%2Fwp%2Fv2%2Ftags&post=56840"}],"curies":[{"name":"wp","href":"https:\/\/api.w.org\/{rel}","templated":true}]}}