{"id":56842,"date":"2023-06-25T13:00:00","date_gmt":"2023-06-25T18:00:00","guid":{"rendered":"http:\/\/www.zonaroja.com.mx\/?p=56842"},"modified":"2023-06-25T14:09:26","modified_gmt":"2023-06-25T19:09:26","slug":"prevalece-desaparicion-15-personas-mas-en-oaxaca-durante-junio-5-son-mujeres","status":"publish","type":"post","link":"https:\/\/zonaroja.com.mx\/?p=56842","title":{"rendered":"Prevalece desaparici\u00f3n de 15 personas m\u00e1s en Oaxaca durante junio; 5 son mujeres"},"content":{"rendered":"\n<p>Yuridiana Sosa\/Zona Roja.<\/p>\n\n\n\n<p>Oaxaca de Ju\u00e1rez, Oax., a 24 de junio de 2023.- La desaparici\u00f3n de personas en Oaxaca se mantiene como un hecho cotidiano, el cual afect\u00f3 a otras 15 v\u00edctimas y sus familias en el transcurso de menos de dos semanas.<\/p>\n\n\n\n<p>Entre el 13 y 24 de junio, se report\u00f3 la no localizaci\u00f3n de cinco mujeres y 10 varones durante los \u00faltimos d\u00edas, y de quienes hasta este fin de semana sus fichas de b\u00fasqueda segu\u00edan vigentes, de acuerdo a la Unidad de B\u00fasqueda de Personas No Localizadas de la Fiscal\u00eda General de Oaxaca.<\/p>\n\n\n\n<p>El caso m\u00e1s reciente es el de Mar\u00eda del Rosario Betanzos L\u00f3pez, de 17 a\u00f1os, quien fue vista por \u00faltima vez el 24 de junio en la Villa de Tej\u00fapam de la Uni\u00f3n, en la regi\u00f3n Mixteca.<\/p>\n\n\n\n<p>Familiares y autoridades piden la ayuda de la poblaci\u00f3n para encontrar a Laura Camila Cort\u00e9s V\u00e9lez, de 11 a\u00f1os de edad, desaparecida el 23 de junio en la Tercera etapa sector \u201cT\u201d, de Santa Cruz Huatulco.<\/p>\n\n\n\n<p>Se emiti\u00f3 \u201cAlerta Rosa\u201d en dos casos por separado, una es para localizar a Alma Rosa Alfaro Arreola, de 50 a\u00f1os de edad, desaparecida desde el pasado 20 de junio cuando fue vista por \u00faltima vez en la colonia Alejandro Cruz de Ciudad Ixtepec.<\/p>\n\n\n\n<p>Otra alerta de ese tipo es para encontrar a Justina Almaraz D\u00edaz, 52 a\u00f1os, que, aunque se report\u00f3 en recientes d\u00edas, la \u00faltima vez que se supo sobre su paradero fue el 13 de abril en la colonia Cuauht\u00e9moc del municipio de Mat\u00edas Romero.<\/p>\n\n\n\n<p>Tambi\u00e9n se encuentra desaparecida la menor de 15 a\u00f1os, Joselyn Hern\u00e1ndez Clemente, no localizada desde el 14 de junio tras ser vista en el deportivo de C.U. ubicado en avenida Universidad en la ciudad de Oaxaca de Ju\u00e1rez.&nbsp;<\/p>\n\n\n\n<p>En tanto que en la lista de reportes recientes se record\u00f3 la b\u00fasqueda para localizar a Deysi Reyes Hern\u00e1ndez, de 37 a\u00f1os, desaparecida desde el 18 de julio de 2015 en Tuxtepec y el caso de Rub\u00ed Reyes Rodr\u00edguez, 26 a\u00f1os, a quien busca desde el 9 de noviembre de 2018 cuando desapareci\u00f3 en el centro de Loma Bonita.<\/p>\n\n\n\n<p>NUMEROSOS HECHOS<\/p>\n\n\n\n<p>Las fichas de b\u00fasqueda muestran una mayor cantidad de desapariciones vigentes de varones en los \u00faltimos d\u00edas.<\/p>\n\n\n\n<p>Las b\u00fasquedas son para localizar a Daniel L\u00f3pez Cervantes, de 30 a\u00f1os, visto por \u00faltima vez el 19 de junio en San Pedro Pochutla. Mismo d\u00eda y lugar en que se reporta la desaparici\u00f3n de Eduardo L\u00f3pez Cervantes de 28 a\u00f1os.<\/p>\n\n\n\n<p>Elvis L\u00f3pez Mart\u00ednez, de 26 a\u00f1os, se encuentra desaparecido desde el 18 de junio tras ser visto en la comunidad de Paso Nuevo Hamaca del municipio de Valle Nacional; Rams\u00e9s Ram\u00edrez Mart\u00ednez, desapareci\u00f3 el 18 de junio en la colonia El Polvor\u00edn, del municipio de San Antonio de la Cal.<\/p>\n\n\n\n<p>Tambi\u00e9n buscan a Jaime Salinas Toledo, de 53 a\u00f1os, quien fue visto por \u00faltima vez el 18 de junio colonia Las Flores de Juchit\u00e1n de Zaragoza; Omar Lezama Ortiz, de 21 a\u00f1os, desapareci\u00f3 el 6 de junio en San Pedro Ixtlahuaca, mientras que Aar\u00f3n Manuel T\u00e9llez, de 26 a\u00f1os, el 13 de junio colonia L\u00e1zaro C\u00e1rdenas del municipio de Tuxtepec.<\/p>\n\n\n\n<p>Otras fichas son por los casos de Yair No\u00e9 L\u00f3pez Cruz, de 15 a\u00f1os, desaparecido desde el 1 de junio en el barrio La Trinidad, de Tlalixtac de Cabrera; Gaudencio Hern\u00e1ndez Garc\u00eda, de 56 a\u00f1os, el 10 de junio en la carretera P\u00e9rez Garza de San Marcos Nejapa y Pablo Morales Garc\u00eda, de 38 a\u00f1os, desapareci\u00f3 el 6 de junio San Isidro el Palmar, de Pochutla.<\/p>\n\n\n\n<p>Durante los recientes d\u00edas tambi\u00e9n se record\u00f3 el caso y se pidi\u00f3 la colaboraci\u00f3n para encontrar a Jos\u00e9 Enrique Gabriel L\u00f3pez, 27 a\u00f1os, desaparecido desde febrero del 2022 en Cuilapam de Guerrero.<\/p>\n","protected":false},"excerpt":{"rendered":"<p>Yuridiana Sosa\/Zona Roja. Oaxaca de Ju\u00e1rez, Oax., a 24 de junio de 2023.- La desaparici\u00f3n&hellip;<\/p>\n","protected":false},"author":2,"featured_media":56844,"comment_status":"closed","ping_status":"open","sticky":false,"template":"","format":"standard","meta":{"_lmt_disableupdate":"","_lmt_disable":"","_jetpack_memberships_contains_paid_content":false,"footnotes":""},"categories":[109,47],"tags":[455],"class_list":["post-56842","post","type-post","status-publish","format-standard","has-post-thumbnail","hentry","category-minuto-a-minuto","category-zona-gris","tag-mujeres-desaparecidas-oaxaca"],"jetpack_featured_media_url":"https:\/\/zonaroja.com.mx\/wp-content\/uploads\/2023\/06\/Desaparicion-de-mujeres-Oaxaca.jpg","jetpack_sharing_enabled":true,"_links":{"self":[{"href":"https:\/\/zonaroja.com.mx\/index.php?rest_route=\/wp\/v2\/posts\/56842","targetHints":{"allow":["GET"]}}],"collection":[{"href":"https:\/\/zonaroja.com.mx\/index.php?rest_route=\/wp\/v2\/posts"}],"about":[{"href":"https:\/\/zonaroja.com.mx\/index.php?rest_route=\/wp\/v2\/types\/post"}],"author":[{"embeddable":true,"href":"https:\/\/zonaroja.com.mx\/index.php?rest_route=\/wp\/v2\/users\/2"}],"replies":[{"embeddable":true,"href":"https:\/\/zonaroja.com.mx\/index.php?rest_route=%2Fwp%2Fv2%2Fcomments&post=56842"}],"version-history":[{"count":2,"href":"https:\/\/zonaroja.com.mx\/index.php?rest_route=\/wp\/v2\/posts\/56842\/revisions"}],"predecessor-version":[{"id":56854,"href":"https:\/\/zonaroja.com.mx\/index.php?rest_route=\/wp\/v2\/posts\/56842\/revisions\/56854"}],"wp:featuredmedia":[{"embeddable":true,"href":"https:\/\/zonaroja.com.mx\/index.php?rest_route=\/wp\/v2\/media\/56844"}],"wp:attachment":[{"href":"https:\/\/zonaroja.com.mx\/index.php?rest_route=%2Fwp%2Fv2%2Fmedia&parent=56842"}],"wp:term":[{"taxonomy":"category","embeddable":true,"href":"https:\/\/zonaroja.com.mx\/index.php?rest_route=%2Fwp%2Fv2%2Fcategories&post=56842"},{"taxonomy":"post_tag","embeddable":true,"href":"https:\/\/zonaroja.com.mx\/index.php?rest_route=%2Fwp%2Fv2%2Ftags&post=56842"}],"curies":[{"name":"wp","href":"https:\/\/api.w.org\/{rel}","templated":true}]}}