{"id":56856,"date":"2023-06-25T16:17:50","date_gmt":"2023-06-25T21:17:50","guid":{"rendered":"http:\/\/www.zonaroja.com.mx\/?p=56856"},"modified":"2023-06-25T16:17:54","modified_gmt":"2023-06-25T21:17:54","slug":"burla-delincuencia-operativos-en-la-mixteca-4-ejecutados-en-menos-de-48-horas","status":"publish","type":"post","link":"https:\/\/zonaroja.com.mx\/?p=56856","title":{"rendered":"Burla delincuencia operativos en la Mixteca: 4 ejecutados en menos de 48 horas"},"content":{"rendered":"\n<p>Ismael Garc\u00eda M.\/Zona Roja.<\/p>\n\n\n\n<p>Oaxaca de Ju\u00e1rez, Oax., a 25 de junio de 2003.- En menos de 48 horas, cuatro personas han sido asesinadas a balazos en la regi\u00f3n Mixteca de Oaxaca, pese a los operativos de seguridad de los tres niveles de gobierno.<\/p>\n\n\n\n<p>Ello en el marco de la visita del Presidente Andr\u00e9s Manuel L\u00f3pez Obrador, quien ayer estuvo en la regi\u00f3n del Istmo y hoy en Valles Centrales.<\/p>\n\n\n\n<p>Esta ma\u00f1ana dos personas fueron ejecutadas y los cuerpos tirados en el paraje \u201cLas Antenas\u201d del municipio de Zapotitl\u00e1n Lagunas, cerca de la carretera federal.<\/p>\n\n\n\n<p>Presentan huellas de tortura y el tiro de gracia en la cabeza, adem\u00e1s de hallarse maniatados.<\/p>\n\n\n\n<p>Personal de la Vicefiscal\u00eda Regional de la Mixteca inicio las indagatorias y seg\u00fan los primeros datos, hall\u00f3 varios casquillos percutidos de armas de grueso calibre.<\/p>\n\n\n\n<p>Apenas ayer en la ma\u00f1ana otro individuo fue ejecutado y su cuerpo tirado en inmediaciones de la carretera federal 190, cerca del acceso al municipio de Tezoatl\u00e1n de Segura y Luna, en jurisdicci\u00f3n de Huajuapan de Le\u00f3n.<\/p>\n\n\n\n<p>Otro cuerpo fue hallado tambi\u00e9n con huellas de tortura y un mensaje en el suelo, en la misma v\u00eda federal pero a la altura del acceso a&nbsp;la comunidad de Santa Mar\u00eda Tutla, del municipio de San Andr\u00e9s Dinicuiti.<\/p>\n\n\n\n<p>Apenas el pasado jueves, las autoridades estatales de la mesa de seguridad presumieron que Oaxaca es una de las entidades m\u00e1s segura e incluso alardearon de los operativos de seguridad en la regi\u00f3n Mixteca.<\/p>\n","protected":false},"excerpt":{"rendered":"<p>Ismael Garc\u00eda M.\/Zona Roja. Oaxaca de Ju\u00e1rez, Oax., a 25 de junio de 2003.- En&hellip;<\/p>\n","protected":false},"author":2,"featured_media":56855,"comment_status":"closed","ping_status":"open","sticky":false,"template":"","format":"standard","meta":{"_lmt_disableupdate":"","_lmt_disable":"","_jetpack_memberships_contains_paid_content":false,"footnotes":""},"categories":[109,51],"tags":[],"class_list":["post-56856","post","type-post","status-publish","format-standard","has-post-thumbnail","hentry","category-minuto-a-minuto","category-zona-roja"],"jetpack_featured_media_url":"https:\/\/zonaroja.com.mx\/wp-content\/uploads\/2023\/06\/img_6262.jpg","jetpack_sharing_enabled":true,"_links":{"self":[{"href":"https:\/\/zonaroja.com.mx\/index.php?rest_route=\/wp\/v2\/posts\/56856","targetHints":{"allow":["GET"]}}],"collection":[{"href":"https:\/\/zonaroja.com.mx\/index.php?rest_route=\/wp\/v2\/posts"}],"about":[{"href":"https:\/\/zonaroja.com.mx\/index.php?rest_route=\/wp\/v2\/types\/post"}],"author":[{"embeddable":true,"href":"https:\/\/zonaroja.com.mx\/index.php?rest_route=\/wp\/v2\/users\/2"}],"replies":[{"embeddable":true,"href":"https:\/\/zonaroja.com.mx\/index.php?rest_route=%2Fwp%2Fv2%2Fcomments&post=56856"}],"version-history":[{"count":1,"href":"https:\/\/zonaroja.com.mx\/index.php?rest_route=\/wp\/v2\/posts\/56856\/revisions"}],"predecessor-version":[{"id":56857,"href":"https:\/\/zonaroja.com.mx\/index.php?rest_route=\/wp\/v2\/posts\/56856\/revisions\/56857"}],"wp:featuredmedia":[{"embeddable":true,"href":"https:\/\/zonaroja.com.mx\/index.php?rest_route=\/wp\/v2\/media\/56855"}],"wp:attachment":[{"href":"https:\/\/zonaroja.com.mx\/index.php?rest_route=%2Fwp%2Fv2%2Fmedia&parent=56856"}],"wp:term":[{"taxonomy":"category","embeddable":true,"href":"https:\/\/zonaroja.com.mx\/index.php?rest_route=%2Fwp%2Fv2%2Fcategories&post=56856"},{"taxonomy":"post_tag","embeddable":true,"href":"https:\/\/zonaroja.com.mx\/index.php?rest_route=%2Fwp%2Fv2%2Ftags&post=56856"}],"curies":[{"name":"wp","href":"https:\/\/api.w.org\/{rel}","templated":true}]}}