{"id":56858,"date":"2023-06-25T20:48:01","date_gmt":"2023-06-26T01:48:01","guid":{"rendered":"http:\/\/www.zonaroja.com.mx\/?p=56858"},"modified":"2023-06-25T20:48:04","modified_gmt":"2023-06-26T01:48:04","slug":"investiga-defensoria-de-derechos-humanos-queja-en-reclusorio-de-miahuatlan","status":"publish","type":"post","link":"https:\/\/zonaroja.com.mx\/?p=56858","title":{"rendered":"Investiga Defensor\u00eda de Derechos Humanos queja en reclusorio de Miahuatl\u00e1n"},"content":{"rendered":"\n<p>Redacci\u00f3n\/Zona Roja.<\/p>\n\n\n\n<p>Oaxaca de Ju\u00e1rez, Oax., a 25 de junio de 2023.- La Defensor\u00eda de los Derechos Humanos del Pueblo de Oaxaca (DDHPO)&nbsp;inici\u00f3 expediente de investigaci\u00f3n por los hechos&nbsp;suscitados en los \u00faltimos d\u00edas en el Centro de Reinserci\u00f3n Social de Miahuatl\u00e1n; asimismo, ha entablado comunicaci\u00f3n con familiares de personas privadas de la libertad para conocer la problem\u00e1tica y as\u00ed atender el tema de manera puntual.<\/p>\n\n\n\n<p>Por ello, hace&nbsp;un llamado a&nbsp;las autoridades&nbsp;de ese Centro de Reinserci\u00f3n Social para que&nbsp;mediante&nbsp;la mediaci\u00f3n penitenciaria se&nbsp;abra&nbsp;el di\u00e1logo, autorresponsabilizaci\u00f3n, reconciliaci\u00f3n y acuerdo que promueva el entendimiento y encuentro entre las personas involucradas y se genere la pacificaci\u00f3n de las relaciones y la reducci\u00f3n de la tensi\u00f3n, todo ello en el marco de la Ley Nacional de Ejecuci\u00f3n Penal.<\/p>\n\n\n\n<p>&nbsp;Asimismo, la DDHPO requiere a la autoridad penitenciaria que se implementen las acciones necesarias para que se garanticen&nbsp;los derechos establecidos en la Ley Nacional de Ejecuci\u00f3n Penal, en particular, el r\u00e9gimen de visitas&nbsp;personales, familiares, \u00edntimas, religiosas, humanitarias y asistenciales.<\/p>\n\n\n\n<p>En tanto, la Defensor\u00eda de los Derechos Humanos del Pueblo de Oaxaca se mantendr\u00e1&nbsp;atenta y&nbsp;vigilante de la situaci\u00f3n, realizando las acciones que en su \u00e1mbito se requieran para evitar&nbsp;violaciones a los derechos humanos de las personas privadas de la libertad y de sus familias.&nbsp;&nbsp;<\/p>\n","protected":false},"excerpt":{"rendered":"<p>Redacci\u00f3n\/Zona Roja. Oaxaca de Ju\u00e1rez, Oax., a 25 de junio de 2023.- La Defensor\u00eda de&hellip;<\/p>\n","protected":false},"author":2,"featured_media":56859,"comment_status":"closed","ping_status":"open","sticky":false,"template":"","format":"standard","meta":{"_lmt_disableupdate":"","_lmt_disable":"","_jetpack_memberships_contains_paid_content":false,"footnotes":""},"categories":[109,47],"tags":[287],"class_list":["post-56858","post","type-post","status-publish","format-standard","has-post-thumbnail","hentry","category-minuto-a-minuto","category-zona-gris","tag-ddhpo"],"jetpack_featured_media_url":"https:\/\/zonaroja.com.mx\/wp-content\/uploads\/2023\/06\/Protesta-reclusorio-de-Miahuatlan-Oaxaca.jpeg","jetpack_sharing_enabled":true,"_links":{"self":[{"href":"https:\/\/zonaroja.com.mx\/index.php?rest_route=\/wp\/v2\/posts\/56858","targetHints":{"allow":["GET"]}}],"collection":[{"href":"https:\/\/zonaroja.com.mx\/index.php?rest_route=\/wp\/v2\/posts"}],"about":[{"href":"https:\/\/zonaroja.com.mx\/index.php?rest_route=\/wp\/v2\/types\/post"}],"author":[{"embeddable":true,"href":"https:\/\/zonaroja.com.mx\/index.php?rest_route=\/wp\/v2\/users\/2"}],"replies":[{"embeddable":true,"href":"https:\/\/zonaroja.com.mx\/index.php?rest_route=%2Fwp%2Fv2%2Fcomments&post=56858"}],"version-history":[{"count":1,"href":"https:\/\/zonaroja.com.mx\/index.php?rest_route=\/wp\/v2\/posts\/56858\/revisions"}],"predecessor-version":[{"id":56860,"href":"https:\/\/zonaroja.com.mx\/index.php?rest_route=\/wp\/v2\/posts\/56858\/revisions\/56860"}],"wp:featuredmedia":[{"embeddable":true,"href":"https:\/\/zonaroja.com.mx\/index.php?rest_route=\/wp\/v2\/media\/56859"}],"wp:attachment":[{"href":"https:\/\/zonaroja.com.mx\/index.php?rest_route=%2Fwp%2Fv2%2Fmedia&parent=56858"}],"wp:term":[{"taxonomy":"category","embeddable":true,"href":"https:\/\/zonaroja.com.mx\/index.php?rest_route=%2Fwp%2Fv2%2Fcategories&post=56858"},{"taxonomy":"post_tag","embeddable":true,"href":"https:\/\/zonaroja.com.mx\/index.php?rest_route=%2Fwp%2Fv2%2Ftags&post=56858"}],"curies":[{"name":"wp","href":"https:\/\/api.w.org\/{rel}","templated":true}]}}