{"id":5686,"date":"2019-11-12T18:55:13","date_gmt":"2019-11-13T00:55:13","guid":{"rendered":"http:\/\/www.zonaroja.com.mx\/?p=5686"},"modified":"2019-11-12T18:55:16","modified_gmt":"2019-11-13T00:55:16","slug":"van-legisladores-de-morena-por-separar-fiscalia-anticorrupcion-de-fiscalia-general","status":"publish","type":"post","link":"https:\/\/zonaroja.com.mx\/?p=5686","title":{"rendered":"Van legisladores de Morena por separar Fiscal\u00eda Anticorrupci\u00f3n de Fiscal\u00eda General"},"content":{"rendered":"\n<p>Redacci\u00f3n\/Zona Roja.<\/p>\n\n\n\n<p>Oaxaca de Ju\u00e1rez, Oax., 12 de noviembre\nde 2019.- El diputado local por Morena, Fredie Delf\u00edn Avenda\u00f1o, reiter\u00f3 que el\nPoder Legislativo prev\u00e9 separar a la Fiscal\u00eda Especializada en Combate a la\nCorrupci\u00f3n de la Fiscal\u00eda General del Estado de Oaxaca.<\/p>\n\n\n\n<p>Lo anterior, con la finalidad de colocarla\nen el apartado de \u00f3rganos aut\u00f3nomos, debido a su importancia y trascendencia\npara impedir malas pr\u00e1cticas en la administraci\u00f3n p\u00fablica. <\/p>\n\n\n\n<p>Por ello se desincorporar\u00e1 de la\nFiscal\u00eda General del Estado, ya que se trata de una instancia clave en el\nComit\u00e9 Coordinador, para generar los resultados que hasta ahora no se han\nconcretado y que la sociedad exige en materia de combate a la corrupci\u00f3n. <\/p>\n\n\n\n<p>La autonom\u00eda presupuestal y de acci\u00f3n\nha sido incluso solicitada por el fiscal Anticorrupci\u00f3n, Jorge Emilio Iruegas\n\u00c1lvarez, quien en septiembre pasado asegur\u00f3 al interior del recinto Legislativo\nque debido a la falta de presupuesto y personal, as\u00ed como a la resistencia de\nla Fiscal\u00eda en Oaxaca, no se han podido concretar ninguna de las mil 531 carpetas\nde investigaci\u00f3n que han iniciado.<\/p>\n\n\n\n<p>Por ello, y en el marco de primer\ninforme de actividades de las y los diputados de Morena, Delf\u00edn Avenda\u00f1o\ndetall\u00f3 que dentro de las propuestas que se retomar\u00e1n en el siguiente periodo\nlegislativo se incluye garantizar la autonom\u00eda de la instancia, as\u00ed como\nmodificaciones en la selecci\u00f3n de quien la encabece. <\/p>\n\n\n\n<p>\u201cSe propone que el nuevo fiscal\nAnticorrupci\u00f3n sea designado por el Congreso del Estado, mediante un\nprocedimiento espec\u00edfico en el que se garantice una amplia participaci\u00f3n\nciudadana, oxigenando as\u00ed el actual Sistema Estatal de Combate a la\nCorrupci\u00f3n\u201d, se\u00f1al\u00f3. <\/p>\n\n\n\n<p>De acuerdo con el legislador, es\nnecesario el fortalecimiento de dicho sistema a fin de que genere los\nresultados que la ciudadan\u00eda exige, por lo que son impostergables las\nadecuaciones a las leyes mediante las iniciativas que est\u00e1n pendiente al\ninterior de la 64 Legislatura y lleven a Oaxaca nuevamente a la vanguardia\nnacional.<\/p>\n\n\n\n<p>Finalmente, detall\u00f3 que a t\u00edtulo\npersonal y con el respaldo de la fracci\u00f3n parlamentaria de Morena, seguir\u00e1\nimpulsado iniciativas para consolidar la pol\u00edtica nacional de combate a la\ncorrupci\u00f3n encabezada por el Gobierno de la Rep\u00fablica en beneficio de la\nciudadan\u00eda oaxaque\u00f1a que tanto ha solicitado acciones contundentes al respecto.<\/p>\n","protected":false},"excerpt":{"rendered":"<p>Redacci\u00f3n\/Zona Roja. Oaxaca de Ju\u00e1rez, Oax., 12 de noviembre de 2019.- El diputado local por&hellip;<\/p>\n","protected":false},"author":2,"featured_media":5687,"comment_status":"closed","ping_status":"open","sticky":false,"template":"","format":"standard","meta":{"_lmt_disableupdate":"","_lmt_disable":"","_jetpack_memberships_contains_paid_content":false,"footnotes":""},"categories":[109,47],"tags":[1002],"class_list":["post-5686","post","type-post","status-publish","format-standard","has-post-thumbnail","hentry","category-minuto-a-minuto","category-zona-gris","tag-fiscalia-especializada-en-combate-a-la-corrupcion-del-estado-de-oaxaca"],"jetpack_featured_media_url":"https:\/\/zonaroja.com.mx\/wp-content\/uploads\/2019\/11\/IMG_1444.jpg","jetpack_sharing_enabled":true,"_links":{"self":[{"href":"https:\/\/zonaroja.com.mx\/index.php?rest_route=\/wp\/v2\/posts\/5686","targetHints":{"allow":["GET"]}}],"collection":[{"href":"https:\/\/zonaroja.com.mx\/index.php?rest_route=\/wp\/v2\/posts"}],"about":[{"href":"https:\/\/zonaroja.com.mx\/index.php?rest_route=\/wp\/v2\/types\/post"}],"author":[{"embeddable":true,"href":"https:\/\/zonaroja.com.mx\/index.php?rest_route=\/wp\/v2\/users\/2"}],"replies":[{"embeddable":true,"href":"https:\/\/zonaroja.com.mx\/index.php?rest_route=%2Fwp%2Fv2%2Fcomments&post=5686"}],"version-history":[{"count":1,"href":"https:\/\/zonaroja.com.mx\/index.php?rest_route=\/wp\/v2\/posts\/5686\/revisions"}],"predecessor-version":[{"id":5688,"href":"https:\/\/zonaroja.com.mx\/index.php?rest_route=\/wp\/v2\/posts\/5686\/revisions\/5688"}],"wp:featuredmedia":[{"embeddable":true,"href":"https:\/\/zonaroja.com.mx\/index.php?rest_route=\/wp\/v2\/media\/5687"}],"wp:attachment":[{"href":"https:\/\/zonaroja.com.mx\/index.php?rest_route=%2Fwp%2Fv2%2Fmedia&parent=5686"}],"wp:term":[{"taxonomy":"category","embeddable":true,"href":"https:\/\/zonaroja.com.mx\/index.php?rest_route=%2Fwp%2Fv2%2Fcategories&post=5686"},{"taxonomy":"post_tag","embeddable":true,"href":"https:\/\/zonaroja.com.mx\/index.php?rest_route=%2Fwp%2Fv2%2Ftags&post=5686"}],"curies":[{"name":"wp","href":"https:\/\/api.w.org\/{rel}","templated":true}]}}