{"id":56863,"date":"2023-06-25T21:50:00","date_gmt":"2023-06-26T02:50:00","guid":{"rendered":"http:\/\/www.zonaroja.com.mx\/?p=56863"},"modified":"2023-06-25T20:51:08","modified_gmt":"2023-06-26T01:51:08","slug":"opinion-y-sin-embargo-el-sur-resiste-ix","status":"publish","type":"post","link":"https:\/\/zonaroja.com.mx\/?p=56863","title":{"rendered":"Opini\u00f3n. Y sin embargo, el sur resiste IX"},"content":{"rendered":"\n<p>Diego Enrique Osorno*<\/p>\n\n\n\n<p>\u201cDesde el Coraz\u00f3n de la tierra donde naci\u00f3, creci\u00f3 y se reproduce la digna rabia\u201d, tras dos d\u00edas de reuniones, los participantes del Encuentro Internacional El Sur Resiste, elaboraron un pronunciamiento dirigido a la Comandancia General del Ej\u00e9rcito Zapatista de Liberaci\u00f3n Nacional (EZLN), al Congreso Nacional Ind\u00edgena (CNI) y a la sociedad en general, en el cual resumen las \u201ccalamidades\u201d que encontraron durante la Caravana que realizaron del 25 de abril al 4 de mayo.<\/p>\n\n\n\n<p>Los \u201cpueblos rebeldes de las geograf\u00edas del Sur-Sureste\u201d y las \u201credes solidarias de resistencia y rebeld\u00eda planetaria\u201d, recorrieron \u201clos territorios afectados por los megaproyectos militares interconectados, el tren mal llamado Maya y el Corredor Interoce\u00e1nico\u201d, partiendo de la comunidad de El Progreso, en Pijijiapan, por la costa de Chiapas, hasta cruzar luego el Istmo de Tehuantepec, desde la comunidad binniza de Puente Madera, en San Blas Atempa, Oaxaca, hasta la comunidad nahua de Oteapan, en Veracruz. De ah\u00ed siguieron a la pen\u00ednsula de Yucat\u00e1n, atravesando Tabasco y Campeche, para continuar luego la ruta por Quintana Roo y volver de nueva cuenta a Chiapas, donde celebraron y se congregaron en el Caracol Jacinto Canek\/Cideci.<\/p>\n\n\n\n<p>\u201cEn toda esta traves\u00eda, nuestros corazones, sentires y pensares se abrieron a la escucha y la observaci\u00f3n de los m\u00faltiples dolores y destrozos provocados por la voracidad del gran capitalismo mundial que en cuerpo propio palpamos a trav\u00e9s del constante hostigamiento a nuestra caravana por parte de los cuerpos polic\u00edacos y militares del Estado Mexicano\u201d, plantean en el documento divulgado en www.elsurresiste.org.<\/p>\n\n\n\n<p>Desde su perspectiva, el sur-sureste mexicano est\u00e1 padeciendo reacomodos geopol\u00edticos mundiales en los cuales los grandes capitales occidentales y orientales han acelerado una \u201cnueva etapa de guerra de colonizaci\u00f3n, disput\u00e1ndose los territorios de nuestro planeta, destruyendo la madre naturaleza, despojando, explotando y expulsando a los pueblos y asesinando y desapareciendo a quienes se oponen a ellos, constatamos la complicidad de los Estados y del crimen organizado en sus variadas modalidades todas ellas sanguinarias\u201d.<\/p>\n\n\n\n<p>\u201cEl corredor interoce\u00e1nico -explican- ha sido lugar de tr\u00e1nsito desde tiempos ancestrales de las rutas comerciales de los pueblos, pero en tiempos de la colonia y de la dictadura de Porfirio D\u00edaz, as\u00ed como durante los gobiernos del siglo XX y XXI han intentado apropiarse de \u00e9l sin conseguirlo, esto por la resistencia hist\u00f3rica de los pueblos de la regi\u00f3n\u201d.&nbsp;<\/p>\n\n\n\n<p>Cuestionan al gobierno federal actual \u201cque se autonombra de la Cuarta Transformaci\u00f3n pero no es diferente, ya que contempla la modernizaci\u00f3n de los puertos de Coatzacoalcos y Salina Cruz, la construcci\u00f3n de una autopista y la modernizaci\u00f3n de la v\u00eda f\u00e9rrea para trenes de carga que no solo conectar\u00e1 los dos puertos sino que tambi\u00e9n lo har\u00e1 con el tren que llaman Maya en la Pen\u00ednsula de Yucat\u00e1n\u201d.&nbsp;<\/p>\n\n\n\n<p>\u201cPor eso decimos que el Corredor Interoce\u00e1nico, el tren mal llamado Maya y el Proyecto Integral Morelos en el centro del pa\u00eds son parte de una red de interconexi\u00f3n y suministro de energ\u00eda para las corporaciones que operar\u00e1n en el sur del pa\u00eds y Centroam\u00e9rica, la mayor\u00eda de ellas de capital privado y extranjero\u201d.&nbsp;<\/p>\n\n\n\n<p>DESASTRES \u201cNATURALES\u201d<\/p>\n\n\n\n<p>Una parte del diagn\u00f3stico del pronunciamiento comienza por resaltar que \u201cse instalar\u00e1 una l\u00ednea de alta tensi\u00f3n y la ampliaci\u00f3n del gasoducto del Istmo que pretenden conectar con la nueva tuber\u00eda mar\u00edtima que traer\u00e1 el gas fracking de Texas hasta nuestras tierras. Este proyecto se construir\u00e1 a lo largo del litoral veracruzano, en la cercan\u00eda del sistema arrecifal, desde Tuxpan hasta Coatzacoalcos y con otro ramal mar\u00edtimo hasta la nueva refiner\u00eda Dos Bocas tambi\u00e9n parte de este megaproyecto\u201d.&nbsp;&nbsp;<\/p>\n\n\n\n<p>\u201cEsta infraestructura refleja la profundizaci\u00f3n de un modelo, basado en la extracci\u00f3n de hidrocarburos f\u00f3siles, que durante el siglo XX aceler\u00f3, de manera nunca antes vista, los indicadores de contaminaci\u00f3n y del calentamiento global, reforzado por energ\u00edas supuestamente limpias en manos del gran capital extranjero que no representa ninguna transici\u00f3n energ\u00e9tica justa para los pueblos\u201d.<\/p>\n\n\n\n<p>Otra de las anotaciones que resaltan de su recorrido es que \u201cla Caravana presenci\u00f3 la devastaci\u00f3n de la selva para abrir paso a las v\u00edas del tren, cientos de kil\u00f3metros y millones de \u00e1rboles talados ah\u00ed donde antes caminaba el venado y el jaguar. Los flujos de la sagrada agua est\u00e1n siendo modificados con consecuencias catastr\u00f3ficas para los pueblos a los que nombrar\u00e1n en un futuro como desastres naturales\u201d.&nbsp;<\/p>\n\n\n\n<p>Y de manera destacada enfilan su cr\u00edtica al Tren Maya. \u201cLa construcci\u00f3n de ese tren, viene acompa\u00f1ada de la instalaci\u00f3n de 21 estaciones y zonas de desarrollo tur\u00edstico, parques e\u00f3licos y fotovoltaicos, termoel\u00e9ctricas, cerveceras, granjas de cerdos, cultivos de palma, soja y otros monocultivos, as\u00ed como grandes desarrollos inmobiliarios, complejos hoteleros, centros comerciales, casinos, restaurantes y todo lo necesario para las grandes masas de turistas que se espera arriben a la pen\u00ednsula, provocando el despojo, el extractivismo voraz y la destrucci\u00f3n de las formas de vida de los pueblos mayas\u201d.&nbsp;<\/p>\n\n\n\n<p>Sobre la implementaci\u00f3n de estos megaproyectos oficiales, \u201ctanto en la pen\u00ednsula como en el Istmo,&nbsp;mediante la desinformaci\u00f3n y las falsas promesas de bienestar ligado al manejo enga\u00f1oso de conceptos como el progreso y el desarrollo&nbsp;donde los programas sociales han jugado un papel fundamental, por miedo a la violencia, a la separaci\u00f3n de la comunidad y a la posible perdida de los programas sociales, muchas personas callan y no se organizan, a\u00fan sabiendo y viendo la violencia creciente y la destrucci\u00f3n de los territorios\u201d.<\/p>\n\n\n\n<p>\u201cPero son cada d\u00eda m\u00e1s evidentes los males que llegan con estos megaproyectos de muerte.&nbsp;Todas estas infraestructuras representan el despojo de nuestros territorios para beneficio de los grandes capitales&nbsp;como parte de un proyecto operado por las fuerzas armadas de M\u00e9xico, Ej\u00e9rcito, Marina y Guardia Nacional en coordinaci\u00f3n con los cuerpos polic\u00edacos y migratorios y en contubernio con los carteles de la delincuencia organizada y la consecuente expansi\u00f3n de las econom\u00edas criminales capitalistas y patriarcales\u201d.&nbsp;<\/p>\n\n\n\n<p>(Continuar\u00e1\u2026)<\/p>\n\n\n\n<p>*Escritor y periodista.<\/p>\n\n\n\n<p>@DiegoEOsorno<\/p>\n","protected":false},"excerpt":{"rendered":"<p>Diego Enrique Osorno* \u201cDesde el Coraz\u00f3n de la tierra donde naci\u00f3, creci\u00f3 y se reproduce&hellip;<\/p>\n","protected":false},"author":2,"featured_media":48560,"comment_status":"closed","ping_status":"open","sticky":false,"template":"","format":"standard","meta":{"_lmt_disableupdate":"","_lmt_disable":"","_jetpack_memberships_contains_paid_content":false,"footnotes":""},"categories":[456,109],"tags":[3020],"class_list":["post-56863","post","type-post","status-publish","format-standard","has-post-thumbnail","hentry","category-columna","category-minuto-a-minuto","tag-diego-enrique-osorno"],"jetpack_featured_media_url":"https:\/\/zonaroja.com.mx\/wp-content\/uploads\/2022\/11\/Diego-Enrique-Osorno.jpeg","jetpack_sharing_enabled":true,"_links":{"self":[{"href":"https:\/\/zonaroja.com.mx\/index.php?rest_route=\/wp\/v2\/posts\/56863","targetHints":{"allow":["GET"]}}],"collection":[{"href":"https:\/\/zonaroja.com.mx\/index.php?rest_route=\/wp\/v2\/posts"}],"about":[{"href":"https:\/\/zonaroja.com.mx\/index.php?rest_route=\/wp\/v2\/types\/post"}],"author":[{"embeddable":true,"href":"https:\/\/zonaroja.com.mx\/index.php?rest_route=\/wp\/v2\/users\/2"}],"replies":[{"embeddable":true,"href":"https:\/\/zonaroja.com.mx\/index.php?rest_route=%2Fwp%2Fv2%2Fcomments&post=56863"}],"version-history":[{"count":1,"href":"https:\/\/zonaroja.com.mx\/index.php?rest_route=\/wp\/v2\/posts\/56863\/revisions"}],"predecessor-version":[{"id":56864,"href":"https:\/\/zonaroja.com.mx\/index.php?rest_route=\/wp\/v2\/posts\/56863\/revisions\/56864"}],"wp:featuredmedia":[{"embeddable":true,"href":"https:\/\/zonaroja.com.mx\/index.php?rest_route=\/wp\/v2\/media\/48560"}],"wp:attachment":[{"href":"https:\/\/zonaroja.com.mx\/index.php?rest_route=%2Fwp%2Fv2%2Fmedia&parent=56863"}],"wp:term":[{"taxonomy":"category","embeddable":true,"href":"https:\/\/zonaroja.com.mx\/index.php?rest_route=%2Fwp%2Fv2%2Fcategories&post=56863"},{"taxonomy":"post_tag","embeddable":true,"href":"https:\/\/zonaroja.com.mx\/index.php?rest_route=%2Fwp%2Fv2%2Ftags&post=56863"}],"curies":[{"name":"wp","href":"https:\/\/api.w.org\/{rel}","templated":true}]}}