{"id":56867,"date":"2023-06-26T08:30:56","date_gmt":"2023-06-26T13:30:56","guid":{"rendered":"http:\/\/www.zonaroja.com.mx\/?p=56867"},"modified":"2023-06-26T08:30:59","modified_gmt":"2023-06-26T13:30:59","slug":"fin-de-semana-sangriento-en-oaxaca-10-asesinados-a-balazos","status":"publish","type":"post","link":"https:\/\/zonaroja.com.mx\/?p=56867","title":{"rendered":"Fin de semana sangriento en Oaxaca: 10 asesinados a balazos"},"content":{"rendered":"\n<p>Ismael Garc\u00eda M.\/Zona Roja.<\/p>\n\n\n\n<p>Oaxaca de Ju\u00e1rez, Oax., a 26 de junio de 2023.- En alrededor de 72 horas, del fin de semana, al menos 10 personas fueron asesinadas a balazos en Oaxaca, mientras el Presidente Andr\u00e9s Manuel L\u00f3pez Obrador realizaba una gira de trabajo.<\/p>\n\n\n\n<p>El m\u00e1s reciente caso ocurri\u00f3 en las primeras horas de este lunes, en Juchit\u00e1n de Zaragoza, en que ultimaron a balazos a un joven, identificado de manera preliminar como Juan Alexis V. R., de 27 a\u00f1os de edad.<\/p>\n\n\n\n<p>El cuerpo fue hallado en inmediaciones de la colonia Gustavo Pineda de la Cruz y hasta el momento no se tiene ning\u00fan indicio del o de los agresores.<\/p>\n\n\n\n<p>Como se inform\u00f3, ayer domingo fueron asesinadas dos personas, cuyos cuerpos maniatados y con huellas de tortura, fueron tirados en el paraje \u201cLas Antenas\u201d de Zapotitl\u00e1n Palmas, en la regi\u00f3n Mixteca.<\/p>\n\n\n\n<p>Tambi\u00e9n en dicha zona, entre el s\u00e1bado y la noche del viernes fueron ultimadas a balazos dos personas; un cuerpo fue hallado en jurisdicci\u00f3n de Huajuapan de Le\u00f3n pero a la altura del crucero carretero a Tezoatl\u00e1n de Segura y Luna; otro m\u00e1s en jurisdicci\u00f3n del municipio de San Andr\u00e9s Dinicuiti.<\/p>\n\n\n\n<p>La mayor\u00eda de los cr\u00edmenes del fin de semana se registraron el viernes 23 de junio, con seis casos.<\/p>\n\n\n\n<p>Uno de ellos fue en San Miguel Tilquiapan, Ocotl\u00e1n, donde alrededor de las 22:00 horas fue asesinado Fernando Donato S. L., de 47 a\u00f1os de edad.<\/p>\n\n\n\n<p>Otro caso ocurri\u00f3 en el tramo carretero local de Santa Catarina a San Bartolo, de San Juan Bautista Tuxtepec, donde se registr\u00f3 un enfrentamiento entre polic\u00edas y presuntos delincuentes.<\/p>\n\n\n\n<p>El saldo de la refriega fue de un muerto, identificado de manera preliminar como Ram\u00f3n \u201cN\u201d, as\u00ed como la detenci\u00f3n de dos individuos, del bando criminal, as\u00ed como el decomiso de varias armas de grueso calibre.<\/p>\n\n\n\n<p>Los otros crimen ocurrieron en San Mat\u00edas Romero Avenda\u00f1o, con dos casos, y Santo Domingo Tehuantepec.<\/p>\n","protected":false},"excerpt":{"rendered":"<p>Ismael Garc\u00eda M.\/Zona Roja. Oaxaca de Ju\u00e1rez, Oax., a 26 de junio de 2023.- En&hellip;<\/p>\n","protected":false},"author":2,"featured_media":38093,"comment_status":"closed","ping_status":"open","sticky":false,"template":"","format":"standard","meta":{"_lmt_disableupdate":"","_lmt_disable":"","_jetpack_memberships_contains_paid_content":false,"footnotes":""},"categories":[109,51],"tags":[964],"class_list":["post-56867","post","type-post","status-publish","format-standard","has-post-thumbnail","hentry","category-minuto-a-minuto","category-zona-roja","tag-violencia-oaxaca"],"jetpack_featured_media_url":"https:\/\/zonaroja.com.mx\/wp-content\/uploads\/2022\/02\/Policia-escena-seguridad-violencia-crimen.jpg","jetpack_sharing_enabled":true,"_links":{"self":[{"href":"https:\/\/zonaroja.com.mx\/index.php?rest_route=\/wp\/v2\/posts\/56867","targetHints":{"allow":["GET"]}}],"collection":[{"href":"https:\/\/zonaroja.com.mx\/index.php?rest_route=\/wp\/v2\/posts"}],"about":[{"href":"https:\/\/zonaroja.com.mx\/index.php?rest_route=\/wp\/v2\/types\/post"}],"author":[{"embeddable":true,"href":"https:\/\/zonaroja.com.mx\/index.php?rest_route=\/wp\/v2\/users\/2"}],"replies":[{"embeddable":true,"href":"https:\/\/zonaroja.com.mx\/index.php?rest_route=%2Fwp%2Fv2%2Fcomments&post=56867"}],"version-history":[{"count":1,"href":"https:\/\/zonaroja.com.mx\/index.php?rest_route=\/wp\/v2\/posts\/56867\/revisions"}],"predecessor-version":[{"id":56868,"href":"https:\/\/zonaroja.com.mx\/index.php?rest_route=\/wp\/v2\/posts\/56867\/revisions\/56868"}],"wp:featuredmedia":[{"embeddable":true,"href":"https:\/\/zonaroja.com.mx\/index.php?rest_route=\/wp\/v2\/media\/38093"}],"wp:attachment":[{"href":"https:\/\/zonaroja.com.mx\/index.php?rest_route=%2Fwp%2Fv2%2Fmedia&parent=56867"}],"wp:term":[{"taxonomy":"category","embeddable":true,"href":"https:\/\/zonaroja.com.mx\/index.php?rest_route=%2Fwp%2Fv2%2Fcategories&post=56867"},{"taxonomy":"post_tag","embeddable":true,"href":"https:\/\/zonaroja.com.mx\/index.php?rest_route=%2Fwp%2Fv2%2Ftags&post=56867"}],"curies":[{"name":"wp","href":"https:\/\/api.w.org\/{rel}","templated":true}]}}