{"id":56869,"date":"2023-06-26T09:31:00","date_gmt":"2023-06-26T14:31:00","guid":{"rendered":"http:\/\/www.zonaroja.com.mx\/?p=56869"},"modified":"2023-06-26T08:33:29","modified_gmt":"2023-06-26T13:33:29","slug":"apuesta-santa-cruz-xoxocotlan-por-la-educacion-como-garante-de-paz","status":"publish","type":"post","link":"https:\/\/zonaroja.com.mx\/?p=56869","title":{"rendered":"Apuesta Santa Cruz Xoxocotl\u00e1n por la educaci\u00f3n, como garante de paz"},"content":{"rendered":"\n<p>Redacci\u00f3n\/Zona Roja.<\/p>\n\n\n\n<p>Oaxaca de Ju\u00e1rez, Oax., a 26 de junio de 2023.- En el marco de la Guelaguetza de la Lectura y Escritura, \u201cCreando Textos con Alebrijes\u201d, organizado por la Zona Escolar 004, el presidente municipal de Santa Cruz Xoxocotl\u00e1n, Inocente Castellanos Alejos, ratific\u00f3 su respaldo a las y los profesores oaxaque\u00f1os, en especial, a quienes ejercen su labor educativa en este municipio.<\/p>\n\n\n\n<p>Tras encabezar la Calenda Literaria con la que se cerr\u00f3 la jornada que reuni\u00f3 a profesores, padres de familia y alumnado, el Dr. Chente Castellanos reconoci\u00f3 la enorme responsabilidad que significa, sobre todo en estos tiempos, educar a las futuras generaciones.<\/p>\n\n\n\n<p>\u201cHablar de educaci\u00f3n en los tiempos actuales, es un gran reto, sobre todo, cuando los tiempos exigen la reorientaci\u00f3n de los m\u00e9todos educativos para preparar a las nuevas generaciones, algunos de los cuales se complican dadas las condiciones de nuestra entidad\u201d, dijo.<\/p>\n\n\n\n<p>Sin embargo, expres\u00f3 que como autoridad de este municipio est\u00e1 consciente de que la tarea educativa involucra, no solo al magisterio, sino tambi\u00e9n a las autoridades, as\u00ed como a los padres y madres de familia.<\/p>\n\n\n\n<p>Por eso, Castellanos Alejos confirm\u00f3 su inter\u00e9s de coadyuvar a la misma, porque la educaci\u00f3n y la cultura son acciones con las que se garantiza la reconstrucci\u00f3n del tejido social y la paz, un objetivo en la que la suma de todos es fundamental.<\/p>\n\n\n\n<p>&nbsp;\u201cEn Xoxo hay apertura para todo el que aporte al desarrollo de la comunidad, pero, sobre todo, a la formaci\u00f3n de las futuras generaciones, porque se trata de construir juntos una mejor historia para nuestra poblaci\u00f3n, se trata, de que unidos avancemos todos\u201d, indic\u00f3.<\/p>\n\n\n\n<p>Por \u00faltimo, el edil manifest\u00f3 su absoluto respeto a las y los integrantes del magisterio oaxaque\u00f1o, a quienes reiter\u00f3 su disposici\u00f3n permanente a trabajar en favor de Xoxo.<\/p>\n\n\n\n<p>APLAUDE EX L\u00cdDER MAGISTERIAL<\/p>\n\n\n\n<p>En su mensaje a las y los participantes del encuentro, el ex l\u00edder sindical de la Secci\u00f3n 22, Erangelio Mendoza Gonz\u00e1lez, manifest\u00f3 su agradecimiento y reconoci\u00f3 la disposici\u00f3n de la autoridad de este municipio, por la apertura, el respaldo y acompa\u00f1amiento en actividades que enaltecen a la educaci\u00f3n.<\/p>\n\n\n\n<p>En el acto, Mendoza Gonz\u00e1lez destac\u00f3 la lucha permanente del magisterio por alcanzar mejoras en los programas de ense\u00f1anza que beneficien a las comunidades, por eso felicit\u00f3 a la autoridad municipal de Xoxo, encabezada por Chente Castellanos, por su apertura y disposici\u00f3n a impulsar las actividades que la Zona Escolar 004 emprende a favor de las y los educandos de esta comunidad.<\/p>\n","protected":false},"excerpt":{"rendered":"<p>Redacci\u00f3n\/Zona Roja. Oaxaca de Ju\u00e1rez, Oax., a 26 de junio de 2023.- En el marco&hellip;<\/p>\n","protected":false},"author":2,"featured_media":56870,"comment_status":"closed","ping_status":"open","sticky":false,"template":"","format":"standard","meta":{"_lmt_disableupdate":"","_lmt_disable":"","_jetpack_memberships_contains_paid_content":false,"footnotes":""},"categories":[109,46],"tags":[133],"class_list":["post-56869","post","type-post","status-publish","format-standard","has-post-thumbnail","hentry","category-minuto-a-minuto","category-zona-blanca","tag-santa-cruz-xoxocotlan"],"jetpack_featured_media_url":"https:\/\/zonaroja.com.mx\/wp-content\/uploads\/2023\/06\/Inocente-Castellanos-Xoxocotlan-y-Erangelio-Mendoza.jpg","jetpack_sharing_enabled":true,"_links":{"self":[{"href":"https:\/\/zonaroja.com.mx\/index.php?rest_route=\/wp\/v2\/posts\/56869","targetHints":{"allow":["GET"]}}],"collection":[{"href":"https:\/\/zonaroja.com.mx\/index.php?rest_route=\/wp\/v2\/posts"}],"about":[{"href":"https:\/\/zonaroja.com.mx\/index.php?rest_route=\/wp\/v2\/types\/post"}],"author":[{"embeddable":true,"href":"https:\/\/zonaroja.com.mx\/index.php?rest_route=\/wp\/v2\/users\/2"}],"replies":[{"embeddable":true,"href":"https:\/\/zonaroja.com.mx\/index.php?rest_route=%2Fwp%2Fv2%2Fcomments&post=56869"}],"version-history":[{"count":1,"href":"https:\/\/zonaroja.com.mx\/index.php?rest_route=\/wp\/v2\/posts\/56869\/revisions"}],"predecessor-version":[{"id":56871,"href":"https:\/\/zonaroja.com.mx\/index.php?rest_route=\/wp\/v2\/posts\/56869\/revisions\/56871"}],"wp:featuredmedia":[{"embeddable":true,"href":"https:\/\/zonaroja.com.mx\/index.php?rest_route=\/wp\/v2\/media\/56870"}],"wp:attachment":[{"href":"https:\/\/zonaroja.com.mx\/index.php?rest_route=%2Fwp%2Fv2%2Fmedia&parent=56869"}],"wp:term":[{"taxonomy":"category","embeddable":true,"href":"https:\/\/zonaroja.com.mx\/index.php?rest_route=%2Fwp%2Fv2%2Fcategories&post=56869"},{"taxonomy":"post_tag","embeddable":true,"href":"https:\/\/zonaroja.com.mx\/index.php?rest_route=%2Fwp%2Fv2%2Ftags&post=56869"}],"curies":[{"name":"wp","href":"https:\/\/api.w.org\/{rel}","templated":true}]}}