{"id":56874,"date":"2023-06-26T10:30:00","date_gmt":"2023-06-26T15:30:00","guid":{"rendered":"http:\/\/www.zonaroja.com.mx\/?p=56874"},"modified":"2023-06-26T09:12:24","modified_gmt":"2023-06-26T14:12:24","slug":"alcanza-jara-52-8-de-aprobacion-pero-aun-no-esta-entre-los-mejores-de-mexico-mitofsky","status":"publish","type":"post","link":"https:\/\/zonaroja.com.mx\/?p=56874","title":{"rendered":"Alcanza Jara 52.8% de aprobaci\u00f3n, pero a\u00fan no est\u00e1 entre los mejores de M\u00e9xico: Mitofsky"},"content":{"rendered":"\n<p>Yuridiana Sosa\/Zona Roja.<\/p>\n\n\n\n<p>Oaxaca de Ju\u00e1rez, Oax., a 26 de junio de 2023.- El gobernador de Oaxaca, Salom\u00f3n Jara Cruz, logr\u00f3 en mayo su segunda mejor calificaci\u00f3n en la aprobaci\u00f3n ciudadana a su desempe\u00f1o, sin que \u00e9sta sea aprobatoria.<\/p>\n\n\n\n<p>El oaxaque\u00f1o, emanado de Morena, consigui\u00f3 a los seis meses de su gesti\u00f3n una calificaci\u00f3n de 52.8 por ciento de aprobaci\u00f3n, mientras que el 42.8 por ciento sigue en desacuerdo con su desempe\u00f1o, revel\u00f3 el ranking Mitofsky \u201cCap\u00edtulo gobernadores y gobernadoras de M\u00e9xico\u2019\u2019, de mayo.<\/p>\n\n\n\n<p>En los resultados se detall\u00f3 que Jara Cruz inici\u00f3 con tendencia al alza, entre diciembre y febrero, al pasar de 49.5 por ciento en su primer mes de gobierno, en diciembre de 2022, a 53 por ciento en febrero, promedio del cual cay\u00f3 en marzo al registrar 51.4 por ciento a su favor, y recuper\u00e1ndose lentamente, con un promedio de 51.9 por ciento en abril, hasta llegar al promedio actual.<\/p>\n\n\n\n<p>Jara Cruz se encuentra en la posici\u00f3n 14 de la lista nacional y pese a sus esfuerzos, a\u00fan no figura ni entre los mejores gobernadores de Morena, que mantienen aprobaciones entre el 60.3 por ciento y el 54.4 por ciento.<\/p>\n\n\n\n<p>Se trata de los cosos de Ricardo Gallardo Cardona de San Luis Potos\u00ed, con el 60.3 por ciento a su favor; Rub\u00e9n Rocha Moya de Sinaloa, 60 por ciento; Julio Ram\u00f3n Menchaca de Hidalgo, 56.6 por ciento; Lorena Cu\u00e9llar de Tlaxcala, 55.2 por ciento y Mara Lezama de Quintana Roo, 54.4 por ciento.<\/p>\n\n\n\n<p>En esta ocasi\u00f3n, el ranking Mitofsky realiz\u00f3 una subdivisi\u00f3n de los gobernadores por regiones del pa\u00eds y es la categor\u00eda de gobernadores Sur y Pen\u00ednsula en la que Salom\u00f3n Jara de Oaxaca alcanz\u00f3 el tercer lugar.<\/p>\n\n\n\n<p>Mauricio Vila de Yucat\u00e1n se llev\u00f3 el primer lugar con el 59.1 por ciento de aprobaci\u00f3n; Mara Lezama, 54.4 por ciento y Salom\u00f3n Jara con el 52.8 por ciento.<\/p>\n\n\n\n<p>Respecto a la categor\u00eda Pac\u00edfico, el oaxaque\u00f1o tambi\u00e9n ocup\u00f3 el tercer lugar. El primero lo gan\u00f3 Rub\u00e9n Rocha Moya de Sinaloa con el 60 por ciento y el segundo, Marina del Pilar \u00c1vila, de Baja California, con el 52.9 por ciento.<\/p>\n\n\n\n<p>La encuesta a nivel nacional indic\u00f3 que se registr\u00f3 una mayor aprobaci\u00f3n a gobernadores de oposici\u00f3n, con un promedio de 53.7 por ciento, que los que gobiernan por el oficialismo, con un promedio de 49.3 por ciento.<\/p>\n","protected":false},"excerpt":{"rendered":"<p>Yuridiana Sosa\/Zona Roja. Oaxaca de Ju\u00e1rez, Oax., a 26 de junio de 2023.- El gobernador&hellip;<\/p>\n","protected":false},"author":2,"featured_media":56423,"comment_status":"closed","ping_status":"open","sticky":false,"template":"","format":"standard","meta":{"_lmt_disableupdate":"","_lmt_disable":"","_jetpack_memberships_contains_paid_content":false,"footnotes":""},"categories":[109,47],"tags":[939],"class_list":["post-56874","post","type-post","status-publish","format-standard","has-post-thumbnail","hentry","category-minuto-a-minuto","category-zona-gris","tag-salomon-jara-cruz"],"jetpack_featured_media_url":"https:\/\/zonaroja.com.mx\/wp-content\/uploads\/2023\/06\/Salomon-Jara-Cruz-.jpeg","jetpack_sharing_enabled":true,"_links":{"self":[{"href":"https:\/\/zonaroja.com.mx\/index.php?rest_route=\/wp\/v2\/posts\/56874","targetHints":{"allow":["GET"]}}],"collection":[{"href":"https:\/\/zonaroja.com.mx\/index.php?rest_route=\/wp\/v2\/posts"}],"about":[{"href":"https:\/\/zonaroja.com.mx\/index.php?rest_route=\/wp\/v2\/types\/post"}],"author":[{"embeddable":true,"href":"https:\/\/zonaroja.com.mx\/index.php?rest_route=\/wp\/v2\/users\/2"}],"replies":[{"embeddable":true,"href":"https:\/\/zonaroja.com.mx\/index.php?rest_route=%2Fwp%2Fv2%2Fcomments&post=56874"}],"version-history":[{"count":1,"href":"https:\/\/zonaroja.com.mx\/index.php?rest_route=\/wp\/v2\/posts\/56874\/revisions"}],"predecessor-version":[{"id":56875,"href":"https:\/\/zonaroja.com.mx\/index.php?rest_route=\/wp\/v2\/posts\/56874\/revisions\/56875"}],"wp:featuredmedia":[{"embeddable":true,"href":"https:\/\/zonaroja.com.mx\/index.php?rest_route=\/wp\/v2\/media\/56423"}],"wp:attachment":[{"href":"https:\/\/zonaroja.com.mx\/index.php?rest_route=%2Fwp%2Fv2%2Fmedia&parent=56874"}],"wp:term":[{"taxonomy":"category","embeddable":true,"href":"https:\/\/zonaroja.com.mx\/index.php?rest_route=%2Fwp%2Fv2%2Fcategories&post=56874"},{"taxonomy":"post_tag","embeddable":true,"href":"https:\/\/zonaroja.com.mx\/index.php?rest_route=%2Fwp%2Fv2%2Ftags&post=56874"}],"curies":[{"name":"wp","href":"https:\/\/api.w.org\/{rel}","templated":true}]}}