{"id":56887,"date":"2023-06-26T19:18:24","date_gmt":"2023-06-27T00:18:24","guid":{"rendered":"http:\/\/www.zonaroja.com.mx\/?p=56887"},"modified":"2023-06-26T19:18:29","modified_gmt":"2023-06-27T00:18:29","slug":"de-roja-primavera-a-verano-sangriento-5-asesinados-en-menos-de-24-horas","status":"publish","type":"post","link":"https:\/\/zonaroja.com.mx\/?p=56887","title":{"rendered":"De \u201cRoja primavera\u201d a \u201cVerano sangriento\u201d: 5 asesinados en menos de 24 horas"},"content":{"rendered":"\n<p>Ismael Garc\u00eda M.\/Zona Roja.<\/p>\n\n\n\n<p>Oaxaca de Ju\u00e1rez, Oax., a 26 de junio de 2023.- La roja \u201cprimavera oaxaque\u00f1a\u201d se torn\u00f3 en \u201cVerano sangriento\u201d y en menos de 24 horas, cinco personas, entre ellas una mujer, fueron asesinadas a balazos.<\/p>\n\n\n\n<p>El m\u00e1s reciente caso ocurri\u00f3 la tarde de este lunes, en la carretera Trans\u00edstmica del municipio de Salina Cruz, frente a la sede de la Cruz Roja Mexicana, en que fue ejecutado un individuo en el interior de su camioneta, marca Ford, con placas de circulaci\u00f3n RU-1288A.<\/p>\n\n\n\n<p>De manera preliminar se inform\u00f3 que fue identificado como Leonardo \u201cN\u201d y los polic\u00edas municipales \u00fanicamente llegaron para tomar nota del hecho y resguardar la zona del crimen.<\/p>\n\n\n\n<p>Tambi\u00e9n este d\u00eda pero en la regi\u00f3n de la Costa, fueron ultimados a balazos un hombre y una mujer, cuando se trasladaban en una camioneta de pasaje y carga.<\/p>\n\n\n\n<p>El ataque armado ocurri\u00f3 en inmediaciones de la localidad de La Muralla, del municipio de Santiago Ixtayutla, y las v\u00edctimas a\u00fan no han sido identificadas; tanto el chofer de la unidad como su esposa eran originarios de la localidad de Carasol y a\u00fan se desconoce su identidad.<\/p>\n\n\n\n<p>En tanto que la madrugada de hoy pero en Juchit\u00e1n de Zaragoza, fue ejecutado a balazos un individuo, presuntamente con antecedentes criminales.<\/p>\n\n\n\n<p>Respondi\u00f3 en vida al nombre de Juan Alexis V. R., de 28 a\u00f1os de edad, y el cuerpo fue hallado en inmediaciones de la colonia Gustavo Pineda de la Cruz.<\/p>\n\n\n\n<p>Mientras tanto ayer por la tarde, fue asesinado a golpes un individuo en la localidad de La Luz de San Mateo Etlatongo, municipio de la regi\u00f3n Mixteca.<\/p>\n\n\n\n<p>La v\u00edctima fue identificada como Tom\u00e1s C. R., de alrededor de 40 a\u00f1os de edad, y presuntamente el m\u00f3vil fue un robo.<\/p>\n","protected":false},"excerpt":{"rendered":"<p>Ismael Garc\u00eda M.\/Zona Roja. Oaxaca de Ju\u00e1rez, Oax., a 26 de junio de 2023.- La&hellip;<\/p>\n","protected":false},"author":2,"featured_media":56889,"comment_status":"closed","ping_status":"open","sticky":false,"template":"","format":"standard","meta":{"_lmt_disableupdate":"","_lmt_disable":"","_jetpack_memberships_contains_paid_content":false,"footnotes":""},"categories":[109,51],"tags":[168],"class_list":["post-56887","post","type-post","status-publish","format-standard","has-post-thumbnail","hentry","category-minuto-a-minuto","category-zona-roja","tag-salina-cruz"],"jetpack_featured_media_url":"https:\/\/zonaroja.com.mx\/wp-content\/uploads\/2023\/06\/Ejecutado-camioneta-Salina-Cruz.jpg","jetpack_sharing_enabled":true,"_links":{"self":[{"href":"https:\/\/zonaroja.com.mx\/index.php?rest_route=\/wp\/v2\/posts\/56887","targetHints":{"allow":["GET"]}}],"collection":[{"href":"https:\/\/zonaroja.com.mx\/index.php?rest_route=\/wp\/v2\/posts"}],"about":[{"href":"https:\/\/zonaroja.com.mx\/index.php?rest_route=\/wp\/v2\/types\/post"}],"author":[{"embeddable":true,"href":"https:\/\/zonaroja.com.mx\/index.php?rest_route=\/wp\/v2\/users\/2"}],"replies":[{"embeddable":true,"href":"https:\/\/zonaroja.com.mx\/index.php?rest_route=%2Fwp%2Fv2%2Fcomments&post=56887"}],"version-history":[{"count":1,"href":"https:\/\/zonaroja.com.mx\/index.php?rest_route=\/wp\/v2\/posts\/56887\/revisions"}],"predecessor-version":[{"id":56890,"href":"https:\/\/zonaroja.com.mx\/index.php?rest_route=\/wp\/v2\/posts\/56887\/revisions\/56890"}],"wp:featuredmedia":[{"embeddable":true,"href":"https:\/\/zonaroja.com.mx\/index.php?rest_route=\/wp\/v2\/media\/56889"}],"wp:attachment":[{"href":"https:\/\/zonaroja.com.mx\/index.php?rest_route=%2Fwp%2Fv2%2Fmedia&parent=56887"}],"wp:term":[{"taxonomy":"category","embeddable":true,"href":"https:\/\/zonaroja.com.mx\/index.php?rest_route=%2Fwp%2Fv2%2Fcategories&post=56887"},{"taxonomy":"post_tag","embeddable":true,"href":"https:\/\/zonaroja.com.mx\/index.php?rest_route=%2Fwp%2Fv2%2Ftags&post=56887"}],"curies":[{"name":"wp","href":"https:\/\/api.w.org\/{rel}","templated":true}]}}