{"id":5689,"date":"2019-11-12T19:55:36","date_gmt":"2019-11-13T01:55:36","guid":{"rendered":"http:\/\/www.zonaroja.com.mx\/?p=5689"},"modified":"2019-11-12T19:55:40","modified_gmt":"2019-11-13T01:55:40","slug":"denuncia-edil-de-jalapa-de-diaz-nulo-apoyo-en-materia-de-seguridad","status":"publish","type":"post","link":"https:\/\/zonaroja.com.mx\/?p=5689","title":{"rendered":"Denuncia edil de Jalapa de D\u00edaz nulo apoyo en materia de seguridad"},"content":{"rendered":"\n<p>Redacci\u00f3n\/Zona Roja.<\/p>\n\n\n\n<p>Oaxaca de Ju\u00e1rez, Oax., 12 de noviembre\nde 2019.- El presidente municipal de San Felipe Jalapa de D\u00edaz, Arturo Garc\u00eda\nVel\u00e1squez, asegur\u00f3 que las autoridades estatales son responsables del\nincremento de la violencia en la Cuenca del Papaloapan, debido a la falta de\napoyo, de certificaci\u00f3n del personal polic\u00edaco de y equipamiento.<\/p>\n\n\n\n<p>En su reciente visita a la ciudad de\nOaxaca, declar\u00f3 en entrevista que llevan m\u00e1s de un a\u00f1o esperando que la\nSecretar\u00eda de Seguridad P\u00fablica eval\u00fae a sus polic\u00edas municipales, sin que\nhasta el momento le hayan dada siquiera fecha al respecto, misma situaci\u00f3n con\nlos apoyos de uniformes y equipamiento.<\/p>\n\n\n\n<p>\u201cLlevamos m\u00e1s de un a\u00f1o sin recibir un\nsolo apoyo, un solo uniforme, una patrulla, la \u00faltima patrulla que recibi\u00f3\nJalapa de D\u00edaz fue en el a\u00f1o 2012\u201d, se\u00f1al\u00f3.<\/p>\n\n\n\n<p>El edil detall\u00f3 que la falta de apoyo\ntambi\u00e9n ha impactado en los servicios de salud, ya que no fue hasta que se\npele\u00f3 con el Gobierno del Estado, que le asignaron dos ambulancias para dar\natenci\u00f3n a la ciudadan\u00eda.<\/p>\n\n\n\n<p>\u201cDesafortunadamente hay que alzar la\nvoz y lo hemos hecho, yo estoy seguro que muchos presidentes municipales de la\nregi\u00f3n sabemos la situaci\u00f3n complicada que se vive\u201d, dijo.<\/p>\n\n\n\n<p>Lo anterior asegur\u00f3 no le da derecho a\nninguna autoridad de actuar de manera golpista, en referencia a su reciente\ndetenci\u00f3n por parte de elementos de la Agencia Estatal de Investigaciones\nquienes intentaron, sin fundamento de acuerdo con jueces federales, inculparlo\nde delitos por posesi\u00f3n de armas y desaparici\u00f3n de personas.<\/p>\n\n\n\n<p>Garc\u00eda Vel\u00e1squez explic\u00f3 que lejos de\nrecibir apoyo en el tema de seguridad, ha sido el municipio que ha respaldo a\nelementos de la Guardia Nacional, la Polic\u00eda Estatal y la Agencia Estatal de\nInvestigaciones, a quienes ha brindado recurso para gasolinas, hospedaje y\nalimentaci\u00f3n.<\/p>\n\n\n\n<p>Por ello lament\u00f3 que en lugar de\ntrabajar en coordinaci\u00f3n la autoridad estatal busque incriminar a las\nautoridades municipales en los delitos que se registren en la zona, generando\nun estado de indefensi\u00f3n total de la cual es responsable el propio Estado.<\/p>\n\n\n\n<p>\u201cNo pueden decir que no ha habido\nrespaldo de mi administraci\u00f3n en el combate a la inseguridad, creo as\u00ed pasa con\notros presidentes municipales, por eso es lamentable que lejos de detener a los\ndelincuentes, detengan a las autoridades generando un estado de indefensi\u00f3n\u201d,\nsentenci\u00f3.<\/p>\n\n\n\n<p>El gobierno federal y estatal ha reconocido p\u00fablicamente en varias ocasiones que la Cuenca del Papaloapan representa una de las zonas con mayor incidencia delictiva y que han implementado operativos especiales para dar atenci\u00f3n a la problem\u00e1tica.<\/p>\n\n\n\n<figure class=\"wp-block-embed-twitter wp-block-embed is-type-rich is-provider-twitter\"><div class=\"wp-block-embed__wrapper\">\n<div class=\"twitter-tweet\"><blockquote class=\"twitter-tweet\" data-lang=\"es\"><p lang=\"es\" dir=\"ltr\"><a href=\"https:\/\/twitter.com\/hashtag\/OaxacaGris?src=hash&amp;ref_src=twsrc%5Etfw\">#OaxacaGris<\/a><br>Durante su visita a la capital oaxaque\u00f1a, el presidente municipal de Jalapa de D\u00edaz, Arturo Garc\u00eda, denunci\u00f3 nulo apoyo de la <a href=\"https:\/\/twitter.com\/SSP_GobOax?ref_src=twsrc%5Etfw\">@SSP_GobOax<\/a> para combatir la delincuencia. Escuche: <a href=\"https:\/\/t.co\/VsPsmehPeY\">pic.twitter.com\/VsPsmehPeY<\/a><\/p>&mdash; Zona Roja Oaxaca (@MexRoja) <a href=\"https:\/\/twitter.com\/MexRoja\/status\/1194430526074916864?ref_src=twsrc%5Etfw\">13 de noviembre de 2019<\/a><\/blockquote><\/div>\n<\/div><\/figure>\n\n\n\n<p>SIGUE RESPALDO A EDIL<\/p>\n\n\n\n<p>Por otra parte, la diputada federal\nIrma Juan Carlos, reafirm\u00f3 su respaldo al edil de Jalapa de D\u00edaz, Arturo Garc\u00eda\nVel\u00e1squez, qui\u00e9n en d\u00edas pasados fue detenido por elementos de la Agencia\nEstatal de Investigaciones y luego puesto en libertad ante las deficiencias en\nel caso por parte de la Fiscal\u00eda General del Estado.<\/p>\n\n\n\n<p>Record\u00f3 que en d\u00edas pasados acudi\u00f3 al\nSenado de la Rep\u00fablica para compartir una conferencia de prensa con el\nvicepresidente del recinto legislativo, Salom\u00f3n Jara Cruz, quien se pronunci\u00f3\npor la renuncia del fiscal de Oaxaca, Rub\u00e9n Vasconcelos M\u00e9ndez, a en contra de\nquien incluso promover\u00e1 un juicio pol\u00edtico debido a los hechos.<\/p>\n\n\n\n<p>Aunque reconoci\u00f3 que ella, de forma\npersonal no pedir\u00e1 la renuncia del funcionario p\u00fablico, s\u00ed dej\u00f3 clara su preocupaci\u00f3n\nen torno a que personas inocentes sean se\u00f1aladas de delitos graves y adem\u00e1s\nsean privadas de su libertad sin contar con los elementos suficientes para\nrespaldar sus acciones.<\/p>\n\n\n\n<p>\u201cYo no voy a pedir la cabeza del\nfiscal, yo siempre he dicho que las cosas por su propio peso caen, ya el\ngobierno decidir\u00e1 que hace con sus funcionarios, nuestra preocupaci\u00f3n es que\nlas personas inocentes no est\u00e9n presas injustamente\u201d, dijo.<\/p>\n\n\n\n<p>En este sentido, insisti\u00f3 en lo injusto\ne ilegal del procedimiento realizado por las autoridades estatales encargadas\nde la procuraci\u00f3n de justicia, situaci\u00f3n que qued\u00f3 probada con la resoluci\u00f3n de\nlos jueces que permiti\u00f3 la liberaci\u00f3n del edil.<\/p>\n\n\n\n<p>\u201cGracias a las c\u00e1maras que tiene en su\ndomicilio pudo comprobar que a toda vista se trat\u00f3 de un acto injusto e ilegal\nen contra de Arturo Garc\u00eda a quien conocemos desde hace a\u00f1os\u201d, indic\u00f3.<\/p>\n\n\n\n<p>Irma Juan Carlos insisti\u00f3 en su\npreocupaci\u00f3n de que personas inocentes est\u00e9n en la c\u00e1rcel y que las\ninstituciones p\u00fablicas se ocupen para perseguir a sus adversarios pol\u00edticos,\ncomo se dio en el caso del edil de Jalapa de D\u00edaz.<\/p>\n\n\n\n<p>Finalmente, asegur\u00f3 que el \u00fanico pecado\nde Arturo Garc\u00eda ha sido trabajar por la gente, situaci\u00f3n que no le gusta a los\ngrandes caciques de la zona quienes adem\u00e1s se han opuesto a su administraci\u00f3n.<\/p>\n","protected":false},"excerpt":{"rendered":"<p>Redacci\u00f3n\/Zona Roja. Oaxaca de Ju\u00e1rez, Oax., 12 de noviembre de 2019.- El presidente municipal de&hellip;<\/p>\n","protected":false},"author":2,"featured_media":5690,"comment_status":"closed","ping_status":"open","sticky":false,"template":"","format":"standard","meta":{"_lmt_disableupdate":"","_lmt_disable":"","_jetpack_memberships_contains_paid_content":false,"footnotes":""},"categories":[109,47],"tags":[930,580],"class_list":["post-5689","post","type-post","status-publish","format-standard","has-post-thumbnail","hentry","category-minuto-a-minuto","category-zona-gris","tag-arturo-garcia-velasquez","tag-san-felipe-jalapa-de-diaz"],"jetpack_featured_media_url":"https:\/\/zonaroja.com.mx\/wp-content\/uploads\/2019\/11\/Edil-Jalapa-de-D\u00edaz-2.jpg","jetpack_sharing_enabled":true,"_links":{"self":[{"href":"https:\/\/zonaroja.com.mx\/index.php?rest_route=\/wp\/v2\/posts\/5689","targetHints":{"allow":["GET"]}}],"collection":[{"href":"https:\/\/zonaroja.com.mx\/index.php?rest_route=\/wp\/v2\/posts"}],"about":[{"href":"https:\/\/zonaroja.com.mx\/index.php?rest_route=\/wp\/v2\/types\/post"}],"author":[{"embeddable":true,"href":"https:\/\/zonaroja.com.mx\/index.php?rest_route=\/wp\/v2\/users\/2"}],"replies":[{"embeddable":true,"href":"https:\/\/zonaroja.com.mx\/index.php?rest_route=%2Fwp%2Fv2%2Fcomments&post=5689"}],"version-history":[{"count":1,"href":"https:\/\/zonaroja.com.mx\/index.php?rest_route=\/wp\/v2\/posts\/5689\/revisions"}],"predecessor-version":[{"id":5691,"href":"https:\/\/zonaroja.com.mx\/index.php?rest_route=\/wp\/v2\/posts\/5689\/revisions\/5691"}],"wp:featuredmedia":[{"embeddable":true,"href":"https:\/\/zonaroja.com.mx\/index.php?rest_route=\/wp\/v2\/media\/5690"}],"wp:attachment":[{"href":"https:\/\/zonaroja.com.mx\/index.php?rest_route=%2Fwp%2Fv2%2Fmedia&parent=5689"}],"wp:term":[{"taxonomy":"category","embeddable":true,"href":"https:\/\/zonaroja.com.mx\/index.php?rest_route=%2Fwp%2Fv2%2Fcategories&post=5689"},{"taxonomy":"post_tag","embeddable":true,"href":"https:\/\/zonaroja.com.mx\/index.php?rest_route=%2Fwp%2Fv2%2Ftags&post=5689"}],"curies":[{"name":"wp","href":"https:\/\/api.w.org\/{rel}","templated":true}]}}