{"id":56893,"date":"2023-06-26T20:10:59","date_gmt":"2023-06-27T01:10:59","guid":{"rendered":"http:\/\/www.zonaroja.com.mx\/?p=56893"},"modified":"2023-06-26T20:11:02","modified_gmt":"2023-06-27T01:11:02","slug":"registra-juchitan-dos-casos-de-maltrato-animal-uno-en-una-escuela","status":"publish","type":"post","link":"https:\/\/zonaroja.com.mx\/?p=56893","title":{"rendered":"Registra Juchit\u00e1n dos casos de maltrato animal, uno en una escuela"},"content":{"rendered":"\n<p>Yuridiana Sosa\/Zona Roja.<\/p>\n\n\n\n<p>Oaxaca de Ju\u00e1rez, Oax., a 26 de junio de 2023.- El maltrato animal contra caninos en Oaxaca prevalece, pese a que existe una ley que sanciona estos actos crueles.<\/p>\n\n\n\n<p>Durante los \u00faltimos d\u00edas, a trav\u00e9s de redes sociales se denunciaron dos casos ocurridos en el municipio de Juchit\u00e1n de Zaragoza, por parte de alumnos dentro de una instituci\u00f3n educativa y otro m\u00e1s por un conductor de mototaxi.<\/p>\n\n\n\n<p>En el primero de los casos, ocurrido el pasado viernes dentro de la escuela secundaria \u201cHeliodoro Charis Castro\u201d, se muestra que atan una cuerda al cuello de un perro, para despu\u00e9s forzarlo a avanzar, lo que causa dolor al canino.<\/p>\n\n\n\n<p>Luego de varios metros de avanzar sobre uno de los pasillos de la escuela, en el video se muestra que el canino es arrojado a un bote de basura.<\/p>\n\n\n\n<p>Ante el hecho nadie interviene de manera directa y se limitan a observar, aunque se escucha que no est\u00e1n de acuerdo con la acci\u00f3n.<\/p>\n\n\n\n<p>Minutos despu\u00e9s, un adulto, aparente autoridad escolar, frena los actos y con ayuda de m\u00e1s personas ponen a salvo al perro.<\/p>\n\n\n\n<p>Este lunes, alumnos y padres de familia protestaron, con pancartas, afuera de la instituci\u00f3n para exigir justicia.<\/p>\n\n\n\n<p>El segundo caso ocurri\u00f3 en las calles de Juchit\u00e1n, donde un mototaxista de la organizaci\u00f3n OLI fue sorprendido cuando arrastraba a un perrito que at\u00f3 a la parte trasera su unidad de pasaje.<\/p>\n\n\n\n<p>Fue por intervenci\u00f3n de otro ciudadano que le dio alcance al mototaxi, para cerrarle el paso e impedir que siguiera avanzando, logrando el rescate del perro.<\/p>\n\n\n\n<figure class=\"wp-block-embed is-type-rich is-provider-twitter wp-block-embed-twitter\"><div class=\"wp-block-embed__wrapper\">\n<div class=\"twitter-tweet\"><blockquote class=\"twitter-tweet\" data-lang=\"es\"><p lang=\"es\" dir=\"ltr\">Tras el reciente caso de maltrato animal en la escuela secundaria \u201cHeliodoro Charis Castro\u201d, de Juchit\u00e1n de Zaragoza, Oaxaca, alumnos y padres de familia protestan hoy para exigir justicia. <br>Video: <a href=\"https:\/\/twitter.com\/connie_baigorri?ref_src=twsrc%5Etfw\">@connie_baigorri<\/a>. <a href=\"https:\/\/t.co\/V0z4e0oC0b\">pic.twitter.com\/V0z4e0oC0b<\/a><\/p>&mdash; Zona Roja Oaxaca (@ZonaRoja_Oaxaca) <a href=\"https:\/\/twitter.com\/ZonaRoja_Oaxaca\/status\/1673465542752055298?ref_src=twsrc%5Etfw\">26 de junio de 2023<\/a><\/blockquote><\/div>\n<\/div><\/figure>\n\n\n\n<p>En Oaxaca, desde el 2015, se aprob\u00f3 la Ley de Protecci\u00f3n Animal en Oaxaca, que tipifica como delito el maltrato animal, el cual se castiga hasta con cuatro a\u00f1os de prisi\u00f3n y multas de hasta mil 500 salarios m\u00ednimos, en ese entonces.<\/p>\n\n\n\n<p>OTRO CASO<\/p>\n\n\n\n<p>Apenas la semana pasada, un profesor de la Universidad Aut\u00f3noma Benito Ju\u00e1rez de Oaxaca (UABJO) fue acusado tambi\u00e9n de maltrato animal y exhibido a trav\u00e9s de las redes sociales.<\/p>\n\n\n\n<p>Se trata de Jos\u00e9 Alfredo Soriano D\u00edaz a quien denunciaron que ten\u00eda hacinado en el patio trasero de su casa a un canino, situaci\u00f3n que le provoc\u00f3 serias lesiones e infecciones en su cuerpo.&nbsp;<\/p>\n\n\n\n<p>Ante ello, en lugar de atenderlo m\u00e9dicamente o asear el lugar donde tambi\u00e9n vive otro cachorro, el catedr\u00e1tico roci\u00f3 de cal totalmente al animalito, quien, al intentar ser rescatado, presentaba una situaci\u00f3n grave con sus ojos.<\/p>\n","protected":false},"excerpt":{"rendered":"<p>Yuridiana Sosa\/Zona Roja. Oaxaca de Ju\u00e1rez, Oax., a 26 de junio de 2023.- El maltrato&hellip;<\/p>\n","protected":false},"author":2,"featured_media":56888,"comment_status":"closed","ping_status":"open","sticky":false,"template":"","format":"standard","meta":{"_lmt_disableupdate":"","_lmt_disable":"","_jetpack_memberships_contains_paid_content":false,"footnotes":""},"categories":[109,47],"tags":[869],"class_list":["post-56893","post","type-post","status-publish","format-standard","has-post-thumbnail","hentry","category-minuto-a-minuto","category-zona-gris","tag-maltrato-animal-oaxaca"],"jetpack_featured_media_url":"https:\/\/zonaroja.com.mx\/wp-content\/uploads\/2023\/06\/Perro-arrastrado-mototaxi-Juchitan.jpg","jetpack_sharing_enabled":true,"_links":{"self":[{"href":"https:\/\/zonaroja.com.mx\/index.php?rest_route=\/wp\/v2\/posts\/56893","targetHints":{"allow":["GET"]}}],"collection":[{"href":"https:\/\/zonaroja.com.mx\/index.php?rest_route=\/wp\/v2\/posts"}],"about":[{"href":"https:\/\/zonaroja.com.mx\/index.php?rest_route=\/wp\/v2\/types\/post"}],"author":[{"embeddable":true,"href":"https:\/\/zonaroja.com.mx\/index.php?rest_route=\/wp\/v2\/users\/2"}],"replies":[{"embeddable":true,"href":"https:\/\/zonaroja.com.mx\/index.php?rest_route=%2Fwp%2Fv2%2Fcomments&post=56893"}],"version-history":[{"count":1,"href":"https:\/\/zonaroja.com.mx\/index.php?rest_route=\/wp\/v2\/posts\/56893\/revisions"}],"predecessor-version":[{"id":56894,"href":"https:\/\/zonaroja.com.mx\/index.php?rest_route=\/wp\/v2\/posts\/56893\/revisions\/56894"}],"wp:featuredmedia":[{"embeddable":true,"href":"https:\/\/zonaroja.com.mx\/index.php?rest_route=\/wp\/v2\/media\/56888"}],"wp:attachment":[{"href":"https:\/\/zonaroja.com.mx\/index.php?rest_route=%2Fwp%2Fv2%2Fmedia&parent=56893"}],"wp:term":[{"taxonomy":"category","embeddable":true,"href":"https:\/\/zonaroja.com.mx\/index.php?rest_route=%2Fwp%2Fv2%2Fcategories&post=56893"},{"taxonomy":"post_tag","embeddable":true,"href":"https:\/\/zonaroja.com.mx\/index.php?rest_route=%2Fwp%2Fv2%2Ftags&post=56893"}],"curies":[{"name":"wp","href":"https:\/\/api.w.org\/{rel}","templated":true}]}}