{"id":56895,"date":"2023-06-26T22:14:14","date_gmt":"2023-06-27T03:14:14","guid":{"rendered":"http:\/\/www.zonaroja.com.mx\/?p=56895"},"modified":"2023-06-26T22:14:16","modified_gmt":"2023-06-27T03:14:16","slug":"pasea-con-ataud-en-bici-para-exigir-en-oaxaca-respeto-a-los-ciclistas","status":"publish","type":"post","link":"https:\/\/zonaroja.com.mx\/?p=56895","title":{"rendered":"Pasea con ata\u00fad en bici, para exigir en Oaxaca respeto a los ciclistas"},"content":{"rendered":"\n<p>Yuridiana Sosa\/Zona Roja.<\/p>\n\n\n\n<p>Oaxaca de Ju\u00e1rez, Oax., a 26 de junio de 2023.- Montado en una bicicleta, simulando arrastrar un ata\u00fad, el ciclista Manuel Ch\u00e1vez N\u00fa\u00f1ez, del grupo \u201cSalvando Vidas Oaxaca\u201d, se manifest\u00f3 este lunes en las principales vialidades de la capital, para exigir al gobierno de Oaxaca seguridad vial en las ciclov\u00edas y evitar m\u00e1s accidentes contra ellos.<\/p>\n\n\n\n<p>Acompa\u00f1ado por dos elementos de la Polic\u00eda Vial, el activista recorri\u00f3 desde la agencia de Montoya de la capital hasta el z\u00f3calo, donde realiz\u00f3 un pronunciamiento para tambi\u00e9n concientizar a la poblaci\u00f3n sobre los beneficios y peligros de transportarse en bici cuando se cumplen con las normas y no, respectivamente.<\/p>\n\n\n\n<p>\u201cEsta caja representa dolor, angustia, vac\u00edo, tristeza, porque a un ciclista lo arroll\u00f3 un conductor ebrio\u201d, expuso Manuel Ch\u00e1vez durante su protesta frente a Palacio de Gobierno.<\/p>\n\n\n\n<p>En representaci\u00f3n del grupo \u201cSalvando Vidas\u201d A. C., el activista demand\u00f3 al gobierno de Oaxaca mantenimiento a la ciclo v\u00eda de la ciudad y zona conurbada para evitar su deterioro e inseguridad para los usuarios.<\/p>\n\n\n\n<p>El estado actual de esta vialidad especial se encuentra en deterioro, lo que expone la integridad de los ciclistas y complica la convivencia en estos espacios.<\/p>\n\n\n\n<p>As\u00ed tambi\u00e9n exigi\u00f3 a las autoridades estatales la promoci\u00f3n constante de este medio de movilidad, la aplicaci\u00f3n de la normatividad del reglamento de tr\u00e1nsito vigente y la coordinaci\u00f3n entre autoridades a nivel municipal y estatal para sancionar las faltas.<\/p>\n\n\n\n<p>Por otra parte, Manuel Ch\u00e1vez llam\u00f3 a los ciudadanos a hacer conciencia sobre quienes prefieren a la bicicleta como medio de transporte o como deporte, para respetar sus espacios de tr\u00e1nsito, lo que al mismo tiempo representa el respeto a su integridad.<\/p>\n\n\n\n<p>Por lo que exhort\u00f3 a los automovilistas a hacer la conciencia sobre lo que representa conducir bajo los influjos del alcohol, pues esta acci\u00f3n ha causado la muerte de alguno de sus compa\u00f1eros ciclistas.<\/p>\n\n\n\n<p>El activista puntualiz\u00f3 que estudios muestras que el tr\u00e1fico en las ciudades no obedecen a la asignaci\u00f3n de v\u00edas para ciclistas, sino al aumento del parque vehicular.<\/p>\n\n\n\n<figure class=\"wp-block-embed is-type-rich is-provider-twitter wp-block-embed-twitter\"><div class=\"wp-block-embed__wrapper\">\n<div class=\"twitter-tweet\"><blockquote class=\"twitter-tweet\" data-lang=\"es\"><p lang=\"es\" dir=\"ltr\">Acompa\u00f1ado por dos elementos de vialidad, don Manuel Ch\u00e1vez N\u00fa\u00f1ez, de <a href=\"https:\/\/twitter.com\/gsvoax?ref_src=twsrc%5Etfw\">@gsvoax<\/a>, pedale\u00f3 desde la agencia de Montoya de la ciudad de <a href=\"https:\/\/twitter.com\/hashtag\/Oaxaca?src=hash&amp;ref_src=twsrc%5Etfw\">#Oaxaca<\/a> hasta el z\u00f3calo, para:<br>* Hacer conciencia sobre la protecci\u00f3n del ciclista.<br>* Fomentar el uso de este medio de transporte.<br>* Pedir a las\u2026 <a href=\"https:\/\/t.co\/XTDI6mPz9e\">pic.twitter.com\/XTDI6mPz9e<\/a><\/p>&mdash; Zona Roja Oaxaca (@ZonaRoja_Oaxaca) <a href=\"https:\/\/twitter.com\/ZonaRoja_Oaxaca\/status\/1673388461653622785?ref_src=twsrc%5Etfw\">26 de junio de 2023<\/a><\/blockquote><\/div>\n<\/div><\/figure>\n","protected":false},"excerpt":{"rendered":"<p>Yuridiana Sosa\/Zona Roja. Oaxaca de Ju\u00e1rez, Oax., a 26 de junio de 2023.- Montado en&hellip;<\/p>\n","protected":false},"author":2,"featured_media":56896,"comment_status":"closed","ping_status":"open","sticky":false,"template":"","format":"standard","meta":{"_lmt_disableupdate":"","_lmt_disable":"","_jetpack_memberships_contains_paid_content":false,"footnotes":""},"categories":[109,47],"tags":[3591],"class_list":["post-56895","post","type-post","status-publish","format-standard","has-post-thumbnail","hentry","category-minuto-a-minuto","category-zona-gris","tag-salvando-vidas-a-c"],"jetpack_featured_media_url":"https:\/\/zonaroja.com.mx\/wp-content\/uploads\/2023\/06\/Protesta-respeto-al-ciclista.jpg","jetpack_sharing_enabled":true,"_links":{"self":[{"href":"https:\/\/zonaroja.com.mx\/index.php?rest_route=\/wp\/v2\/posts\/56895","targetHints":{"allow":["GET"]}}],"collection":[{"href":"https:\/\/zonaroja.com.mx\/index.php?rest_route=\/wp\/v2\/posts"}],"about":[{"href":"https:\/\/zonaroja.com.mx\/index.php?rest_route=\/wp\/v2\/types\/post"}],"author":[{"embeddable":true,"href":"https:\/\/zonaroja.com.mx\/index.php?rest_route=\/wp\/v2\/users\/2"}],"replies":[{"embeddable":true,"href":"https:\/\/zonaroja.com.mx\/index.php?rest_route=%2Fwp%2Fv2%2Fcomments&post=56895"}],"version-history":[{"count":1,"href":"https:\/\/zonaroja.com.mx\/index.php?rest_route=\/wp\/v2\/posts\/56895\/revisions"}],"predecessor-version":[{"id":56897,"href":"https:\/\/zonaroja.com.mx\/index.php?rest_route=\/wp\/v2\/posts\/56895\/revisions\/56897"}],"wp:featuredmedia":[{"embeddable":true,"href":"https:\/\/zonaroja.com.mx\/index.php?rest_route=\/wp\/v2\/media\/56896"}],"wp:attachment":[{"href":"https:\/\/zonaroja.com.mx\/index.php?rest_route=%2Fwp%2Fv2%2Fmedia&parent=56895"}],"wp:term":[{"taxonomy":"category","embeddable":true,"href":"https:\/\/zonaroja.com.mx\/index.php?rest_route=%2Fwp%2Fv2%2Fcategories&post=56895"},{"taxonomy":"post_tag","embeddable":true,"href":"https:\/\/zonaroja.com.mx\/index.php?rest_route=%2Fwp%2Fv2%2Ftags&post=56895"}],"curies":[{"name":"wp","href":"https:\/\/api.w.org\/{rel}","templated":true}]}}