{"id":56904,"date":"2023-06-26T22:45:51","date_gmt":"2023-06-27T03:45:51","guid":{"rendered":"http:\/\/www.zonaroja.com.mx\/?p=56904"},"modified":"2023-06-26T22:45:54","modified_gmt":"2023-06-27T03:45:54","slug":"activistas-acusan-que-funcionario-de-derechos-humanos-defiende-a-agresores","status":"publish","type":"post","link":"https:\/\/zonaroja.com.mx\/?p=56904","title":{"rendered":"Activistas acusan que funcionario de Derechos Humanos defiende a agresores"},"content":{"rendered":"\n<p>Redacci\u00f3n\/Estado 20.<\/p>\n\n\n\n<p>Oaxaca de Ju\u00e1rez, Oax., a 26 de junio de 2023.- El nuevo coordinador Jur\u00eddico de la Defensor\u00eda de los Derechos Humanos del Pueblo de Oaxaca (DDHPO), Ren\u00e9 Hern\u00e1ndez Reyes, tambi\u00e9n se desempe\u00f1a como defensor particular de tres polic\u00edas implicados en la masacre de Asunci\u00f3n Nochixtl\u00e1n ocurrida el 19 de junio de 2016, asegur\u00f3 el Comit\u00e9 de V\u00edctimas \u201cPor Justicia y Verdad\u201d.<\/p>\n\n\n\n<p>A trav\u00e9s de un comunicado, detall\u00f3 que Ren\u00e9 Hern\u00e1ndez es el abogado de los polic\u00edas Carlos Guerrero Romerio, Juan Peralta Alav\u00e9s y Froyl\u00e1n Carlos Cruz, a quienes se les acusa los delitos de homicidio calificado y lesiones calificadas por sus omisiones en el operativo de hace siete a\u00f1os.<\/p>\n\n\n\n<p>\u201cEl se\u00f1or Ren\u00e9 Hern\u00e1ndez Reyes, quien fuera nombrado magistrado del Tribunal Electoral en Oaxaca en el periodo de Gabino Cu\u00e9 Monteagudo y despu\u00e9s transferido a Tribunal Superior de Justicia del Estado, ahora se desempe\u00f1a como coordinador jur\u00eddico de la Defensor\u00eda de los Derechos Humanos del Pueblo de Oaxaca\u201d, denunci\u00f3.<\/p>\n\n\n\n<p>El Comit\u00e9 de V\u00edctimas asegur\u00f3 que este nombramiento en la nueva administraci\u00f3n de la DDHPO no es casualidad, sino que obedece a su compromiso con los responsables de los homicidios y las lesiones causadas a las v\u00edctimas en los hechos del 19 de junio de 2016.<\/p>\n\n\n\n<p>Por si fuera poco, agreg\u00f3, ahora tiene en su n\u00f3mina a uno de los defensores particulares de tres de los asesinos que ahora siguen su proceso privados de su libertad en el Centro de Reinserci\u00f3n Social n\u00famero 13, ubicado en Mengol\u00ed de Morelos.<\/p>\n\n\n\n<p>En su denuncia, expres\u00f3 que no pueden entender porqu\u00e9 el organismo encargado de velar por la defensa de los derechos humanos en Oaxaca ahora sea quien pague los honorarios de una de las personas que defiende a los asesinos de nuestros compa\u00f1eros y familiares.<\/p>\n\n\n\n<p>\u201cTampoco entendemos que la Defensor\u00eda que en un momento acompa\u00f1\u00f3 a nuestro comit\u00e9 en su lucha por la justicia y verdad, ahora se convierta en su verdugo y financie la defensa de tres responsables de la masacre de Nochixtl\u00e1n\u201d.<\/p>\n\n\n\n<p>El Comit\u00e9 de V\u00edctimas \u201cPor Justicia y Verdad\u201d tom\u00f3 la decisi\u00f3n de desconocer a la DDHPO en todos los asuntos relacionados con el Comit\u00e9, porque no pueden permitir que la dependencia que \u201cfinancia la defensa de tres de los asesinos del 19 de junio de 2016\u201d, tenga relaci\u00f3n con ellos.<\/p>\n\n\n\n<p>Tambi\u00e9n recrimin\u00f3 que la nueva titular de la DDHPO, Elizabeth Lara Rodr\u00edguez, muestre apat\u00eda respecto a las demandas de justicia de las v\u00edctimas de Nochixtl\u00e1n, a diferencia de otros titulares de este organismo p\u00fablico.<\/p>\n\n\n\n<p>Durante m\u00e1s seis a\u00f1os los titulares y el personal de la Defensor\u00eda de los Derechos Humanos del Pueblo de Oaxaca, \u201cacompa\u00f1aron a nuestro comit\u00e9 no solo en la b\u00fasqueda de atenci\u00f3n m\u00e9dica y psicol\u00f3gica para las v\u00edctimas, sino tambi\u00e9n en la b\u00fasqueda de justicia y verdad de lo acontecido aquel 19 de junio de 2016.&nbsp;<\/p>\n\n\n\n<p>\u201cDe la misma forma se hicieron presentes en las actividades realizadas en cada aniversario y en todas las ocasiones que era necesario para coberturar y vigilar la integridad de las v\u00edctimas\u201d.<\/p>\n\n\n\n<p>Sin embargo, se\u00f1al\u00f3 que en este s\u00e9ptimo a\u00f1o les sorprendi\u00f3 la ausencia total del organismo local de Derechos Humanos y su personal, porque no se hicieron presentes en ninguna actividad como lo hab\u00edan hecho otros a\u00f1os: \u201cLos chalecos azules brillaron por su ausencia\u201d.<\/p>\n","protected":false},"excerpt":{"rendered":"<p>Redacci\u00f3n\/Estado 20. Oaxaca de Ju\u00e1rez, Oax., a 26 de junio de 2023.- El nuevo coordinador&hellip;<\/p>\n","protected":false},"author":2,"featured_media":55551,"comment_status":"closed","ping_status":"open","sticky":false,"template":"","format":"standard","meta":{"_lmt_disableupdate":"","_lmt_disable":"","_jetpack_memberships_contains_paid_content":false,"footnotes":""},"categories":[109,47],"tags":[249],"class_list":["post-56904","post","type-post","status-publish","format-standard","has-post-thumbnail","hentry","category-minuto-a-minuto","category-zona-gris","tag-comite-de-victimas-nochixtlan"],"jetpack_featured_media_url":"https:\/\/zonaroja.com.mx\/wp-content\/uploads\/2023\/05\/Defensoria-de-los-Derechos-Humanos-DDHPO.jpg","jetpack_sharing_enabled":true,"_links":{"self":[{"href":"https:\/\/zonaroja.com.mx\/index.php?rest_route=\/wp\/v2\/posts\/56904","targetHints":{"allow":["GET"]}}],"collection":[{"href":"https:\/\/zonaroja.com.mx\/index.php?rest_route=\/wp\/v2\/posts"}],"about":[{"href":"https:\/\/zonaroja.com.mx\/index.php?rest_route=\/wp\/v2\/types\/post"}],"author":[{"embeddable":true,"href":"https:\/\/zonaroja.com.mx\/index.php?rest_route=\/wp\/v2\/users\/2"}],"replies":[{"embeddable":true,"href":"https:\/\/zonaroja.com.mx\/index.php?rest_route=%2Fwp%2Fv2%2Fcomments&post=56904"}],"version-history":[{"count":1,"href":"https:\/\/zonaroja.com.mx\/index.php?rest_route=\/wp\/v2\/posts\/56904\/revisions"}],"predecessor-version":[{"id":56905,"href":"https:\/\/zonaroja.com.mx\/index.php?rest_route=\/wp\/v2\/posts\/56904\/revisions\/56905"}],"wp:featuredmedia":[{"embeddable":true,"href":"https:\/\/zonaroja.com.mx\/index.php?rest_route=\/wp\/v2\/media\/55551"}],"wp:attachment":[{"href":"https:\/\/zonaroja.com.mx\/index.php?rest_route=%2Fwp%2Fv2%2Fmedia&parent=56904"}],"wp:term":[{"taxonomy":"category","embeddable":true,"href":"https:\/\/zonaroja.com.mx\/index.php?rest_route=%2Fwp%2Fv2%2Fcategories&post=56904"},{"taxonomy":"post_tag","embeddable":true,"href":"https:\/\/zonaroja.com.mx\/index.php?rest_route=%2Fwp%2Fv2%2Ftags&post=56904"}],"curies":[{"name":"wp","href":"https:\/\/api.w.org\/{rel}","templated":true}]}}