{"id":56906,"date":"2023-06-26T22:47:05","date_gmt":"2023-06-27T03:47:05","guid":{"rendered":"http:\/\/www.zonaroja.com.mx\/?p=56906"},"modified":"2023-06-26T22:47:07","modified_gmt":"2023-06-27T03:47:07","slug":"invalida-la-scjn-legislacion-de-oaxaca-que-ampliaba-duracion-de-cargo-en-teeo","status":"publish","type":"post","link":"https:\/\/zonaroja.com.mx\/?p=56906","title":{"rendered":"Invalida la SCJN legislaci\u00f3n de Oaxaca que ampliaba duraci\u00f3n de cargo en TEEO"},"content":{"rendered":"\n<p>Redacci\u00f3n\/Zona Roja.<\/p>\n\n\n\n<p>Oaxaca de Ju\u00e1rez, Oax., a 26 de junio de 2023.- El pleno de la Suprema Corte de Justicia de la Naci\u00f3n, como resultado del an\u00e1lisis de las impugnaciones formuladas por los partidos pol\u00edticos Acci\u00f3n Nacional y local Nueva Alianza del estado de Oaxaca, invalid\u00f3 el Decreto 677, por el que se adicion\u00f3 el art\u00edculo 28 Bis de la Ley Org\u00e1nica del Tribunal Electoral del mencionado Estado, publicado el 2 de diciembre de 2022.<\/p>\n\n\n\n<p>En dicho decreto se previ\u00f3 la pr\u00f3rroga en el ejercicio del cargo de la magistratura del Tribunal Electoral del Estado de Oaxaca, para el caso de que concluyera el periodo para el que fueron designados sus integrantes y el Senado de la Rep\u00fablica no hubiera hecho la designaci\u00f3n de las personas que deber\u00edan sustituirlos.<\/p>\n\n\n\n<p>El pleno invalid\u00f3 dicho decreto al considerar que su pr\u00f3rroga provocaba un doble efecto inconstitucional, pues a trav\u00e9s de la figura de la suplencia la ley local autorizaba que pudiera extenderse el plazo se\u00f1alado, lo que contrariaba directamente el art\u00edculo 106 de la Ley General de Instituciones y Procedimientos Electorales y, con ello, el r\u00e9gimen de facultades concurrentes en materia electoral previsto en la Constituci\u00f3n General.<\/p>\n\n\n\n<p>Adem\u00e1s, la Corte determin\u00f3 que invad\u00eda la esfera competencial del Senado de la Rep\u00fablica, al prorrogar las condiciones originales del nombramiento otorgado por dicha C\u00e1mara a los titulares de la magistratura cuyo periodo concluy\u00f3.<\/p>\n\n\n\n<p>Acciones de inconstitucionalidad 170\/2022 y su acumulada 172\/2022, promovidas por los partidos pol\u00edticos Acci\u00f3n Nacional y local Nueva Alianza del Estado de Oaxaca, demandando la invalidez del Decreto 677 por el que se adiciona el art\u00edculo 28 Bis de la Ley Org\u00e1nica del Tribunal Electoral del mencionado Estado, publicado en el Peri\u00f3dico Oficial de esa entidad de 2 de diciembre de 2022.&nbsp;<\/p>\n","protected":false},"excerpt":{"rendered":"<p>Redacci\u00f3n\/Zona Roja. Oaxaca de Ju\u00e1rez, Oax., a 26 de junio de 2023.- El pleno de&hellip;<\/p>\n","protected":false},"author":2,"featured_media":36940,"comment_status":"closed","ping_status":"open","sticky":false,"template":"","format":"standard","meta":{"_lmt_disableupdate":"","_lmt_disable":"","_jetpack_memberships_contains_paid_content":false,"footnotes":""},"categories":[109,47],"tags":[2235],"class_list":["post-56906","post","type-post","status-publish","format-standard","has-post-thumbnail","hentry","category-minuto-a-minuto","category-zona-gris","tag-tribunal-electoral-del-estado-de-oaxaca-teeo"],"jetpack_featured_media_url":"https:\/\/zonaroja.com.mx\/wp-content\/uploads\/2022\/01\/TEEO-Tribunal-Electoral-Oaxaca.jpg","jetpack_sharing_enabled":true,"_links":{"self":[{"href":"https:\/\/zonaroja.com.mx\/index.php?rest_route=\/wp\/v2\/posts\/56906","targetHints":{"allow":["GET"]}}],"collection":[{"href":"https:\/\/zonaroja.com.mx\/index.php?rest_route=\/wp\/v2\/posts"}],"about":[{"href":"https:\/\/zonaroja.com.mx\/index.php?rest_route=\/wp\/v2\/types\/post"}],"author":[{"embeddable":true,"href":"https:\/\/zonaroja.com.mx\/index.php?rest_route=\/wp\/v2\/users\/2"}],"replies":[{"embeddable":true,"href":"https:\/\/zonaroja.com.mx\/index.php?rest_route=%2Fwp%2Fv2%2Fcomments&post=56906"}],"version-history":[{"count":1,"href":"https:\/\/zonaroja.com.mx\/index.php?rest_route=\/wp\/v2\/posts\/56906\/revisions"}],"predecessor-version":[{"id":56907,"href":"https:\/\/zonaroja.com.mx\/index.php?rest_route=\/wp\/v2\/posts\/56906\/revisions\/56907"}],"wp:featuredmedia":[{"embeddable":true,"href":"https:\/\/zonaroja.com.mx\/index.php?rest_route=\/wp\/v2\/media\/36940"}],"wp:attachment":[{"href":"https:\/\/zonaroja.com.mx\/index.php?rest_route=%2Fwp%2Fv2%2Fmedia&parent=56906"}],"wp:term":[{"taxonomy":"category","embeddable":true,"href":"https:\/\/zonaroja.com.mx\/index.php?rest_route=%2Fwp%2Fv2%2Fcategories&post=56906"},{"taxonomy":"post_tag","embeddable":true,"href":"https:\/\/zonaroja.com.mx\/index.php?rest_route=%2Fwp%2Fv2%2Ftags&post=56906"}],"curies":[{"name":"wp","href":"https:\/\/api.w.org\/{rel}","templated":true}]}}