{"id":56912,"date":"2023-06-27T11:30:00","date_gmt":"2023-06-27T16:30:00","guid":{"rendered":"http:\/\/www.zonaroja.com.mx\/?p=56912"},"modified":"2023-06-27T08:23:50","modified_gmt":"2023-06-27T13:23:50","slug":"detiene-fiscalia-a-presunto-asesino-de-dirigente-de-transportistas","status":"publish","type":"post","link":"https:\/\/zonaroja.com.mx\/?p=56912","title":{"rendered":"Detiene Fiscal\u00eda a presunto asesino de dirigente de transportistas"},"content":{"rendered":"\n<p>Redacci\u00f3n\/Zona Roja.&nbsp;<\/p>\n\n\n\n<p>Oaxaca de Ju\u00e1rez, Oax., a 27 de junio de 2023.- La Fiscal\u00eda General del Estado de Oaxaca (FGEO) ejecut\u00f3 una orden de aprehensi\u00f3n y detuvo a M. H. F. P., por los delitos de Homicidio Calificado con Ventaja y Robo Espec\u00edfico, cometidos en la Zona Metropolitana de la regi\u00f3n de los Valles Centrales.<\/p>\n\n\n\n<p>Conforme a lo asentado en el expediente penal, los hechos ocurrieron el 18 de septiembre de 2021, cuando la v\u00edctima se encontraba dentro de un restaurante localizado en la agencia municipal de San Francisco Tutla, perteneciente al municipio de Santa Luc\u00eda del Camino.<\/p>\n\n\n\n<p>En el lugar antes mencionado, P. D. S. fue atacado a balazos, sufriendo lesiones que le provocaron la muerte. Enseguida, le robaron un veh\u00edculo habilitado como taxi.<\/p>\n\n\n\n<p>Ante los hechos, la FGEO inici\u00f3 las investigaciones pertinentes que quedaron a cargo de la Fiscal\u00eda Especializada para la Atenci\u00f3n a Delitos de Alto Impacto, que realiz\u00f3 los trabajos por los que se liber\u00f3 una orden de aprehensi\u00f3n por el caso.<\/p>\n\n\n\n<p>Este lunes -26 de junio de 2023-, elementos de la Agencia Estatal de Investigaciones (AEI) localizaron al imputado y dieron cumplimiento al mandato judicial, por lo que M. H. F. P. fue detenido y presentado ante el Juez que atiende la causa para que determine su situaci\u00f3n jur\u00eddica.<\/p>\n\n\n\n<p>La Fiscal\u00eda de Oaxaca realiza trabajos de investigaci\u00f3n a partir de la certeza jur\u00eddica y cient\u00edfica que se obtiene de la labor de las diferentes \u00e1reas especializadas que intervienen en el proceso de procuraci\u00f3n de justicia.<\/p>\n\n\n\n<p>VINCULACIONES A PROCESO<\/p>\n\n\n\n<p>Por otra parte, los trabajos especializados que se realizan con estricto apego a la perspectiva de g\u00e9nero, efectuados por la Fiscal\u00eda General del Estado de Oaxaca (FGEO) dieron como resultado la obtenci\u00f3n de dos vinculaciones a proceso en dos diferentes casos de agresiones sexuales cometidas en agravio de v\u00edctimas mujeres, ocurridos en la regi\u00f3n de la Costa.<\/p>\n\n\n\n<p>El primer hecho sucedi\u00f3 el 21 de mayo de 2023, en un domicilio localizado en inmediaciones de la carretera estatal Puerto Escondido, donde la v\u00edctima sufri\u00f3 violencia sexual, la cual configura el delito de Violaci\u00f3n.<\/p>\n\n\n\n<p>La Vicefiscal\u00eda Regional de la Costa recibi\u00f3 la denuncia e inici\u00f3 las investigaciones que permitieron ejecutar una orden de aprehensi\u00f3n en contra de I. R., por lo fue presentado ante el Juez de Control que atiende la causa quien, tras evaluar las pruebas aportadas por la Fiscal\u00eda, dict\u00f3 auto de vinculaci\u00f3n a proceso contra el imputado, adem\u00e1s que impuso prisi\u00f3n preventiva y otorg\u00f3 tres meses para el cierre de investigaciones.<\/p>\n\n\n\n<p>Mientras que, el segundo caso ocurri\u00f3 el 9 de diciembre de 2021, en un domicilio del municipio de San Juan Lachao, donde la v\u00edctima sufri\u00f3 de violencia sexual por la cual se configura el delito de Abuso Sexual Agravado.<\/p>\n\n\n\n<p>Ante los hechos, la FGO realiz\u00f3 investigaciones por las cuales se obtuvo una orden de aprehensi\u00f3n que se ejecut\u00f3 en contra de V. P. C., quien fue detenido y qued\u00f3 a disposici\u00f3n del Juez que atiende la causa, dictando auto de vinculaci\u00f3n a proceso, adem\u00e1s de imponer prisi\u00f3n preventiva y establecer el plazo de un mes para el cierre de la investigaci\u00f3n.<\/p>\n","protected":false},"excerpt":{"rendered":"<p>Redacci\u00f3n\/Zona Roja.&nbsp; Oaxaca de Ju\u00e1rez, Oax., a 27 de junio de 2023.- La Fiscal\u00eda General&hellip;<\/p>\n","protected":false},"author":2,"featured_media":56916,"comment_status":"closed","ping_status":"open","sticky":false,"template":"","format":"standard","meta":{"_lmt_disableupdate":"","_lmt_disable":"","_jetpack_memberships_contains_paid_content":false,"footnotes":""},"categories":[109,46],"tags":[494],"class_list":["post-56912","post","type-post","status-publish","format-standard","has-post-thumbnail","hentry","category-minuto-a-minuto","category-zona-blanca","tag-fiscalia-general-del-estado-de-oaxaca"],"jetpack_featured_media_url":"https:\/\/zonaroja.com.mx\/wp-content\/uploads\/2023\/06\/DEtenido-por-asesinato-de-dirigente-Confederacion-Joven.jpg","jetpack_sharing_enabled":true,"_links":{"self":[{"href":"https:\/\/zonaroja.com.mx\/index.php?rest_route=\/wp\/v2\/posts\/56912","targetHints":{"allow":["GET"]}}],"collection":[{"href":"https:\/\/zonaroja.com.mx\/index.php?rest_route=\/wp\/v2\/posts"}],"about":[{"href":"https:\/\/zonaroja.com.mx\/index.php?rest_route=\/wp\/v2\/types\/post"}],"author":[{"embeddable":true,"href":"https:\/\/zonaroja.com.mx\/index.php?rest_route=\/wp\/v2\/users\/2"}],"replies":[{"embeddable":true,"href":"https:\/\/zonaroja.com.mx\/index.php?rest_route=%2Fwp%2Fv2%2Fcomments&post=56912"}],"version-history":[{"count":1,"href":"https:\/\/zonaroja.com.mx\/index.php?rest_route=\/wp\/v2\/posts\/56912\/revisions"}],"predecessor-version":[{"id":56917,"href":"https:\/\/zonaroja.com.mx\/index.php?rest_route=\/wp\/v2\/posts\/56912\/revisions\/56917"}],"wp:featuredmedia":[{"embeddable":true,"href":"https:\/\/zonaroja.com.mx\/index.php?rest_route=\/wp\/v2\/media\/56916"}],"wp:attachment":[{"href":"https:\/\/zonaroja.com.mx\/index.php?rest_route=%2Fwp%2Fv2%2Fmedia&parent=56912"}],"wp:term":[{"taxonomy":"category","embeddable":true,"href":"https:\/\/zonaroja.com.mx\/index.php?rest_route=%2Fwp%2Fv2%2Fcategories&post=56912"},{"taxonomy":"post_tag","embeddable":true,"href":"https:\/\/zonaroja.com.mx\/index.php?rest_route=%2Fwp%2Fv2%2Ftags&post=56912"}],"curies":[{"name":"wp","href":"https:\/\/api.w.org\/{rel}","templated":true}]}}