{"id":5692,"date":"2019-11-12T21:41:55","date_gmt":"2019-11-13T03:41:55","guid":{"rendered":"http:\/\/www.zonaroja.com.mx\/?p=5692"},"modified":"2019-11-12T21:41:58","modified_gmt":"2019-11-13T03:41:58","slug":"vinculan-a-proceso-a-integrante-del-codedi-por-lesiones-y-robo","status":"publish","type":"post","link":"https:\/\/zonaroja.com.mx\/?p=5692","title":{"rendered":"Vinculan a proceso a integrante del Codedi, por lesiones y robo"},"content":{"rendered":"\n<p>Redacci\u00f3n\/Zona Roja. <\/p>\n\n\n\n<p>Oaxaca de Ju\u00e1rez, Oax., 12 de noviembre\nde 2019.- El juez de la causa del Poder Judicial de Oaxaca determin\u00f3 como\nv\u00e1lidas las pruebas presentadas por el Ministerio P\u00fablico de la Fiscal\u00eda\nGeneral del Estado y vincul\u00f3 a proceso a Fredy G. R., por los delitos de robo y\nlesiones.<\/p>\n\n\n\n<p>El integrante del Comit\u00e9 de Defensa de\nDerechos Ind\u00edgenas (Codedi) fue aprehendido en la zona conurbada de la ciudad\nde Oaxaca el pasado 6 de noviembre, mientras junto con sus compa\u00f1eros\nrealizaban movilizaciones para exigir justicia por cinco asesinatos en contra\nde militantes de esa organizaci\u00f3n.<\/p>\n\n\n\n<p>En un comunicado, la Fiscal\u00eda General\ninform\u00f3 que los hechos que se le imputan a Fredy G. R. ocurrieron el pasado 6\nde octubre en inmediaciones de Santiago Xanica, de acuerdo con la causa penal\n468\/2019.<\/p>\n\n\n\n<p>Se le se\u00f1ala por su probable\nparticipaci\u00f3n en los delitos de asalto, lesiones con la calificativa de\nventaja, robo de veh\u00edculo y robo, en perjuicio de particulares, de elementos de\nla Polic\u00eda Estatal y de la Secretar\u00eda de Seguridad P\u00fablica.<\/p>\n\n\n\n<p>En audiencia celebrada este 12 de\nnoviembre, el Juez de Control dict\u00f3 auto de vinculaci\u00f3n a proceso, imponi\u00e9ndole\nprisi\u00f3n preventiva y cuatro meses para el cierre de investigaci\u00f3n.<\/p>\n","protected":false},"excerpt":{"rendered":"<p>Redacci\u00f3n\/Zona Roja. Oaxaca de Ju\u00e1rez, Oax., 12 de noviembre de 2019.- El juez de la&hellip;<\/p>\n","protected":false},"author":2,"featured_media":5693,"comment_status":"closed","ping_status":"open","sticky":false,"template":"","format":"standard","meta":{"_lmt_disableupdate":"","_lmt_disable":"","_jetpack_memberships_contains_paid_content":false,"footnotes":""},"categories":[109,47],"tags":[832,971],"class_list":["post-5692","post","type-post","status-publish","format-standard","has-post-thumbnail","hentry","category-minuto-a-minuto","category-zona-gris","tag-comite-de-defensa-de-derechos-indigenas-codedi","tag-fredy-garcia-ramirez"],"jetpack_featured_media_url":"https:\/\/zonaroja.com.mx\/wp-content\/uploads\/2019\/11\/Fredy-Garc\u00eda-R..jpg","jetpack_sharing_enabled":true,"_links":{"self":[{"href":"https:\/\/zonaroja.com.mx\/index.php?rest_route=\/wp\/v2\/posts\/5692","targetHints":{"allow":["GET"]}}],"collection":[{"href":"https:\/\/zonaroja.com.mx\/index.php?rest_route=\/wp\/v2\/posts"}],"about":[{"href":"https:\/\/zonaroja.com.mx\/index.php?rest_route=\/wp\/v2\/types\/post"}],"author":[{"embeddable":true,"href":"https:\/\/zonaroja.com.mx\/index.php?rest_route=\/wp\/v2\/users\/2"}],"replies":[{"embeddable":true,"href":"https:\/\/zonaroja.com.mx\/index.php?rest_route=%2Fwp%2Fv2%2Fcomments&post=5692"}],"version-history":[{"count":1,"href":"https:\/\/zonaroja.com.mx\/index.php?rest_route=\/wp\/v2\/posts\/5692\/revisions"}],"predecessor-version":[{"id":5694,"href":"https:\/\/zonaroja.com.mx\/index.php?rest_route=\/wp\/v2\/posts\/5692\/revisions\/5694"}],"wp:featuredmedia":[{"embeddable":true,"href":"https:\/\/zonaroja.com.mx\/index.php?rest_route=\/wp\/v2\/media\/5693"}],"wp:attachment":[{"href":"https:\/\/zonaroja.com.mx\/index.php?rest_route=%2Fwp%2Fv2%2Fmedia&parent=5692"}],"wp:term":[{"taxonomy":"category","embeddable":true,"href":"https:\/\/zonaroja.com.mx\/index.php?rest_route=%2Fwp%2Fv2%2Fcategories&post=5692"},{"taxonomy":"post_tag","embeddable":true,"href":"https:\/\/zonaroja.com.mx\/index.php?rest_route=%2Fwp%2Fv2%2Ftags&post=5692"}],"curies":[{"name":"wp","href":"https:\/\/api.w.org\/{rel}","templated":true}]}}