{"id":56920,"date":"2023-06-27T10:25:00","date_gmt":"2023-06-27T15:25:00","guid":{"rendered":"http:\/\/www.zonaroja.com.mx\/?p=56920"},"modified":"2023-06-27T09:12:36","modified_gmt":"2023-06-27T14:12:36","slug":"oposicion-se-adelanta-a-la-4t-prepara-eleccion-de-su-candidato-presidencial","status":"publish","type":"post","link":"https:\/\/zonaroja.com.mx\/?p=56920","title":{"rendered":"Oposici\u00f3n se adelanta a la 4T: prepara elecci\u00f3n de su candidato presidencial"},"content":{"rendered":"\n<p>Redacci\u00f3n\/Zona Roja Cdmx.<\/p>\n\n\n\n<p>Ciudad de M\u00e9xico, a 27 de junio de 2023.- Los partidos Revolucionario Institucional (PRI), Acci\u00f3n Nacional (PAN) y de la Revoluci\u00f3n Democr\u00e1tica (PRD), junto con algunas organizaciones de la sociedad civil, anunciaron ayer de manera oficial el m\u00e9todo por el que definir\u00e1n a quien encabezar\u00e1 el llamado Frente Amplio por M\u00e9xico, y que en su momento se perfila para asumir la candidatura presidencial del bloque opositor.<\/p>\n\n\n\n<p>Acordaron que ser\u00e1 el 3 de septiembre cuando den a conocer al ganador, tres d\u00edas antes de que lo haga Morena.<\/p>\n\n\n\n<p>Las reglas de esta fase fueron presentadas en una conferencia de prensa a la que acudieron 14 de los aspirantes, entre ellos seis del blanquiazul y seis m\u00e1s de filiaci\u00f3n pri\u00edsta.&nbsp;<\/p>\n\n\n\n<p>En el extremo derecho del escenario permaneci\u00f3 el empresario Claudio X. Gonz\u00e1lez, junto al ex presidente Vicente Fox, quien lleg\u00f3 de saco y sombrero. Ambos respaldaron el m\u00e9todo, pues el mecanismo es incluyente de la sociedad civil y permitir\u00e1 \u201csacar a Morena de Palacio Nacional\u201d.<\/p>\n\n\n\n<p>Varios de los aspectos del proceso no fueron detallados, como el origen de los recursos que se usar\u00e1n. En entrevistas posteriores, los dirigentes partidarios y los propios aspirantes intentaron aclararlo, con algunas diferencias en sus explicaciones.<\/p>\n\n\n\n<p>El m\u00e9todo establece que se conformar\u00e1 un comit\u00e9 organizador y un observatorio ciudadano, mismos que a\u00fan no son definidos. Ser\u00e1 el 4 de julio cuando comience el registro de los aspirantes, aunque momentos despu\u00e9s varios de ellos aseguraron que ya hay un acuerdo para adelantarlo al 3 de julio.<\/p>\n\n\n\n<p>Tendr\u00e1n como l\u00edmite el 7 de ese mes para inscribirse, y deber\u00e1n presentar el respaldo de simpatizantes. Los participantes se\u00f1alaron que ser\u00e1n 150 mil firmas las que les pedir\u00e1n.<\/p>\n\n\n\n<p>En la segunda etapa deber\u00e1n acudir a \u201cun primer gran foro\u201d. Los aspirantes recalcaron que antes de ello comenzar\u00e1n a hacer recorridos por el pa\u00eds, para lo cual no se definieron limitantes en el financiamiento necesario y anticiparon que lo obtendr\u00e1n con aportaciones.<\/p>\n\n\n\n<p>El primer filtro llegar\u00e1 con una encuesta, tras lo cual quedar\u00e1n tres finalistas que participar\u00e1n en cinco foros regionales.<\/p>\n\n\n\n<p>Luego, se levantar\u00e1 una segunda encuesta, adem\u00e1s de una consulta con voto directo el 3 de septiembre. Podr\u00e1 participar cualquier persona, pero deber\u00e1 registrarse antes en una plataforma para conformar un padr\u00f3n.<\/p>\n\n\n\n<p>Tanto la encuesta como las votaciones tendr\u00e1n el mismo valor, y la suma de los dos ejercicios arrojar\u00e1 al ganador que se dar\u00e1 a conocer ese d\u00eda.<\/p>\n\n\n\n<p>Por parte del PAN estuvieron presentes Santiago Creel, Juan Carlos Romero Hicks, Gabriel Quadri, X\u00f3chitl G\u00e1lvez, Lilly T\u00e9llez y Jorge Luis Preciado.<\/p>\n\n\n\n<p>Por el PRI acudieron el ex gobernador de Oaxaca Alejandro Murat, adem\u00e1s de Claudia Ruiz Massieu, Beatriz Paredes, Enrique de la Madrid e Ildefonso Guajardo. Tambi\u00e9n, Jos\u00e9 \u00c1ngel Gurr\u00eda, quien asegur\u00f3 que no participa por el tricolor, sino como ciudadano.<\/p>\n\n\n\n<p>Adem\u00e1s del empresario Gustavo de Hoyos, asisti\u00f3 el perredista Silvano Aureoles. El senador Miguel \u00c1ngel Mancera no acudi\u00f3, aunque la dirigencia del PRD insisti\u00f3 en que s\u00ed participar\u00e1.<\/p>\n\n\n\n<p>Tanto X\u00f3chitl G\u00e1lvez como Lilly T\u00e9llez dijeron que a\u00fan no definen si se registrar\u00e1n. G\u00e1lvez expuso que por la forma de votaci\u00f3n le preocupa que pueda haber \u201cdados cargados\u201d, mientras que T\u00e9llez argument\u00f3 que hay una persecuci\u00f3n del INE en su contra.<\/p>\n\n\n\n<p>Pese a la similitud con el m\u00e9todo que realiza Morena en su proceso interno, aseguraron que el de la oposici\u00f3n est\u00e1 sustentado en la Constituci\u00f3n y s\u00ed es democr\u00e1tico.<\/p>\n\n\n\n<p>(Informaci\u00f3n de \u201cLa Jornada\u201d)<\/p>\n","protected":false},"excerpt":{"rendered":"<p>Redacci\u00f3n\/Zona Roja Cdmx. Ciudad de M\u00e9xico, a 27 de junio de 2023.- Los partidos Revolucionario&hellip;<\/p>\n","protected":false},"author":2,"featured_media":56927,"comment_status":"closed","ping_status":"open","sticky":false,"template":"","format":"standard","meta":{"_lmt_disableupdate":"","_lmt_disable":"","_jetpack_memberships_contains_paid_content":false,"footnotes":""},"categories":[109,46],"tags":[3590],"class_list":["post-56920","post","type-post","status-publish","format-standard","has-post-thumbnail","hentry","category-minuto-a-minuto","category-zona-blanca","tag-alianza-va-por-mexico"],"jetpack_featured_media_url":"https:\/\/zonaroja.com.mx\/wp-content\/uploads\/2023\/06\/Alianza-Va-por-Mexico.jpeg","jetpack_sharing_enabled":true,"_links":{"self":[{"href":"https:\/\/zonaroja.com.mx\/index.php?rest_route=\/wp\/v2\/posts\/56920","targetHints":{"allow":["GET"]}}],"collection":[{"href":"https:\/\/zonaroja.com.mx\/index.php?rest_route=\/wp\/v2\/posts"}],"about":[{"href":"https:\/\/zonaroja.com.mx\/index.php?rest_route=\/wp\/v2\/types\/post"}],"author":[{"embeddable":true,"href":"https:\/\/zonaroja.com.mx\/index.php?rest_route=\/wp\/v2\/users\/2"}],"replies":[{"embeddable":true,"href":"https:\/\/zonaroja.com.mx\/index.php?rest_route=%2Fwp%2Fv2%2Fcomments&post=56920"}],"version-history":[{"count":1,"href":"https:\/\/zonaroja.com.mx\/index.php?rest_route=\/wp\/v2\/posts\/56920\/revisions"}],"predecessor-version":[{"id":56921,"href":"https:\/\/zonaroja.com.mx\/index.php?rest_route=\/wp\/v2\/posts\/56920\/revisions\/56921"}],"wp:featuredmedia":[{"embeddable":true,"href":"https:\/\/zonaroja.com.mx\/index.php?rest_route=\/wp\/v2\/media\/56927"}],"wp:attachment":[{"href":"https:\/\/zonaroja.com.mx\/index.php?rest_route=%2Fwp%2Fv2%2Fmedia&parent=56920"}],"wp:term":[{"taxonomy":"category","embeddable":true,"href":"https:\/\/zonaroja.com.mx\/index.php?rest_route=%2Fwp%2Fv2%2Fcategories&post=56920"},{"taxonomy":"post_tag","embeddable":true,"href":"https:\/\/zonaroja.com.mx\/index.php?rest_route=%2Fwp%2Fv2%2Ftags&post=56920"}],"curies":[{"name":"wp","href":"https:\/\/api.w.org\/{rel}","templated":true}]}}