{"id":56922,"date":"2023-06-27T12:40:00","date_gmt":"2023-06-27T17:40:00","guid":{"rendered":"http:\/\/www.zonaroja.com.mx\/?p=56922"},"modified":"2023-06-27T09:10:24","modified_gmt":"2023-06-27T14:10:24","slug":"grupo-wagner-opera-con-normalidad-tras-rebelion-rusia-aun-investiga-a-su-lider","status":"publish","type":"post","link":"https:\/\/zonaroja.com.mx\/?p=56922","title":{"rendered":"Grupo Wagner opera con normalidad tras rebeli\u00f3n; Rusia a\u00fan investiga a su l\u00edder"},"content":{"rendered":"\n<p>Redacci\u00f3n\/Zona Roja Cdmx.<\/p>\n\n\n\n<p>Ciudad de M\u00e9xico, a 27 de junio de 2023.- Rusia suspendi\u00f3 las medidas de seguridad instauradas en Mosc\u00fa durante la rebeli\u00f3n del grupo paramilitar Wagner, en un intento por volver a la normalidad tras una in\u00e9dita crisis que debilit\u00f3 la imagen del presidente Vladimir Putin.<\/p>\n\n\n\n<p>La rebeli\u00f3n de Yevgueni Prigozhin, un multimillonario otrora aliado del presidente ruso, dur\u00f3 24 horas y termin\u00f3 el s\u00e1bado por la noche con un acuerdo entre \u00e9l y el Kremlin, mediado por el presidente bielorruso.<\/p>\n\n\n\n<p>En virtud de ese acuerdo, Prigozhin, jefe de Wagner, obtuvo garant\u00edas de inmunidad para \u00e9l y sus hombres a cambio de poner fin a la sublevaci\u00f3n. Seg\u00fan el Kremlin, el empresario deber\u00e1 exiliarse en Bielorrusia.<\/p>\n\n\n\n<p>Sin embargo, las agencias de prensa rusas afirman que una fuente de la Fiscal\u00eda general dijo que \u00abla investigaci\u00f3n\u00bb contra Prigozhin sigue abierta.<\/p>\n\n\n\n<p>Por su parte, las autoridades anunciaron el levantamiento del \u00abr\u00e9gimen de operaci\u00f3n antiterrorista\u00bb, que otorga m\u00e1s poderes a las fuerzas de seguridad, en la regi\u00f3n de Mosc\u00fa y en la de Voronezh, al sur de la capital, donde entraron las unidades de Wagner y se produjeron tiroteos.<\/p>\n\n\n\n<p>La medida se tom\u00f3 ante la ausencia de \u00abamenazas para la vida\u00bb de los habitantes, precis\u00f3 el alcalde de Mosc\u00fa, Sergu\u00e9i Sobianin, quien agradeci\u00f3 la \u00abcalma y comprensi\u00f3n\u00bb de los moscovitas.<\/p>\n\n\n\n<p>MANTIENE OPERACIONES<\/p>\n\n\n\n<p>El grupo paramilitar ruso continuar\u00e1 sus operaciones en Mal\u00ed y en Rep\u00fablica Centroafricana (RCA) pese a la rebeli\u00f3n abortada de su jefe, indic\u00f3 el ministro de Relaciones Exteriores, Sergu\u00e9i Lavrov.<\/p>\n\n\n\n<p>El personal de Wagner de esos pa\u00edses est\u00e1 \u00abtrabajando como instructores. Ese trabajo, por supuesto, continuar\u00e1\u00bb, dijo Lavrov en una entrevista con el medio ruso RT.<\/p>\n\n\n\n<p>El ministro ruso consider\u00f3 que Europa y Francia han \u00ababandonado la RCA y Mal\u00ed\u00bb, pa\u00edses que han recurrido a Rusia y Wagner para tener instructores militares y \u00abgarantizar la seguridad de sus dirigentes\u00bb.<\/p>\n\n\n\n<p>Un alto funcionario de la presidencia de Rep\u00fablica Centroafricana indic\u00f3 que Rusia mantendr\u00e1&nbsp;sus operaciones en el pa\u00eds.<\/p>\n\n\n\n<p>\u00abRep\u00fablica Centroafricana firm\u00f3 un acuerdo de defensa con la Federaci\u00f3n Rusa y no con Wagner\u00bb, declar\u00f3 a AFP Fid\u00e8le Gouandjika, ministro consejero especial del presidente. \u00abRusia subcontrat\u00f3 a Wagner, si Rusia ya no est\u00e1 de acuerdo con Wagner entonces nos enviar\u00e1 un nuevo contingente\u00bb, a\u00f1adi\u00f3.<\/p>\n\n\n\n<p>Para los occidentales, Wagner es un instrumento de influencia rusa destinado a hacer avanzar los intereses de Mosc\u00fa y competir con los europeos. El grupo armado est\u00e1 acusado de cometer abusos o expoliar recursos naturales all\u00e1 donde opera.<\/p>\n\n\n\n<p>Lavrov asegur\u00f3 que la tentativa de rebeli\u00f3n armada en Rusia del jefe de Wagner, Yvegueni Prigozhin, no afectar\u00e1 a las relaciones de Rusia con \u00absocios y amigos\u00bb.<\/p>\n\n\n\n<p>\u00abHa habido muchas llamadas al presidente Putin (&#8230;) para expresarle apoyo\u00bb, adujo.<\/p>\n\n\n\n<p>Los pa\u00edses que no son amigos de Rusia, \u00abfrancamente, me dan igual\u00bb, dijo el diplom\u00e1tico. \u00abLas relaciones con Occidente est\u00e1n destruidas, as\u00ed que un episodio de m\u00e1s o de menos\u00bb, lament\u00f3.<\/p>\n\n\n\n<p>(Informaci\u00f3n de AFP en \u201cMilenio\u201d)<\/p>\n","protected":false},"excerpt":{"rendered":"<p>Redacci\u00f3n\/Zona Roja Cdmx. Ciudad de M\u00e9xico, a 27 de junio de 2023.- Rusia suspendi\u00f3 las&hellip;<\/p>\n","protected":false},"author":2,"featured_media":56923,"comment_status":"closed","ping_status":"open","sticky":false,"template":"","format":"standard","meta":{"_lmt_disableupdate":"","_lmt_disable":"","_jetpack_memberships_contains_paid_content":false,"footnotes":""},"categories":[109,47],"tags":[3589],"class_list":["post-56922","post","type-post","status-publish","format-standard","has-post-thumbnail","hentry","category-minuto-a-minuto","category-zona-gris","tag-grupo-wagner-rusia"],"jetpack_featured_media_url":"https:\/\/zonaroja.com.mx\/wp-content\/uploads\/2023\/06\/Prigozhin-Rusia-Wagner-1.jpeg","jetpack_sharing_enabled":true,"_links":{"self":[{"href":"https:\/\/zonaroja.com.mx\/index.php?rest_route=\/wp\/v2\/posts\/56922","targetHints":{"allow":["GET"]}}],"collection":[{"href":"https:\/\/zonaroja.com.mx\/index.php?rest_route=\/wp\/v2\/posts"}],"about":[{"href":"https:\/\/zonaroja.com.mx\/index.php?rest_route=\/wp\/v2\/types\/post"}],"author":[{"embeddable":true,"href":"https:\/\/zonaroja.com.mx\/index.php?rest_route=\/wp\/v2\/users\/2"}],"replies":[{"embeddable":true,"href":"https:\/\/zonaroja.com.mx\/index.php?rest_route=%2Fwp%2Fv2%2Fcomments&post=56922"}],"version-history":[{"count":1,"href":"https:\/\/zonaroja.com.mx\/index.php?rest_route=\/wp\/v2\/posts\/56922\/revisions"}],"predecessor-version":[{"id":56924,"href":"https:\/\/zonaroja.com.mx\/index.php?rest_route=\/wp\/v2\/posts\/56922\/revisions\/56924"}],"wp:featuredmedia":[{"embeddable":true,"href":"https:\/\/zonaroja.com.mx\/index.php?rest_route=\/wp\/v2\/media\/56923"}],"wp:attachment":[{"href":"https:\/\/zonaroja.com.mx\/index.php?rest_route=%2Fwp%2Fv2%2Fmedia&parent=56922"}],"wp:term":[{"taxonomy":"category","embeddable":true,"href":"https:\/\/zonaroja.com.mx\/index.php?rest_route=%2Fwp%2Fv2%2Fcategories&post=56922"},{"taxonomy":"post_tag","embeddable":true,"href":"https:\/\/zonaroja.com.mx\/index.php?rest_route=%2Fwp%2Fv2%2Ftags&post=56922"}],"curies":[{"name":"wp","href":"https:\/\/api.w.org\/{rel}","templated":true}]}}