{"id":56925,"date":"2023-06-27T13:10:00","date_gmt":"2023-06-27T18:10:00","guid":{"rendered":"http:\/\/www.zonaroja.com.mx\/?p=56925"},"modified":"2023-06-27T09:11:27","modified_gmt":"2023-06-27T14:11:27","slug":"exhiben-obra-de-francisco-toledo-en-la-pinacoteca-de-tlaxcala","status":"publish","type":"post","link":"https:\/\/zonaroja.com.mx\/?p=56925","title":{"rendered":"Exhiben obra de Francisco Toledo en la Pinacoteca de Tlaxcala"},"content":{"rendered":"\n<p>Redacci\u00f3n\/Zona Roja.<\/p>\n\n\n\n<p>Oaxaca de Ju\u00e1rez, Oax., a 27 de junio de 2023.-&nbsp;\u201cCada quien con su Toledo. Obra gr\u00e1fica 1960-2018\u201d,&nbsp;se inaugur\u00f3 el 22 de junio en la Pinacoteca del Estado \u201cDesiderio H. Xochitiotzin\u201d, el primer museo y uno de los recintos m\u00e1s importantes de Tlaxcala.&nbsp;<\/p>\n\n\n\n<p>La exposici\u00f3n est\u00e1 integrada por 131 obras, en su mayor\u00eda grabados y estampas realizadas entre los a\u00f1os 1960 y 2018, con las t\u00e9cnicas de aguafuerte, aguatinta, punta seca, az\u00facar, mezzotinta, litograf\u00eda, mixograf\u00eda y xilograf\u00eda, as\u00ed como algunas piezas de acuarela y gouaches.&nbsp;&nbsp;<\/p>\n\n\n\n<p>Las obras son del acervo de la asociaci\u00f3n civil Amigos del IAGO y del Centro Fotogr\u00e1fico \u201cManuel \u00c1lvarez Bravo\u201d, del Instituto de Artes Gr\u00e1ficas de Oaxaca (IAGO) y del Munae, as\u00ed como de las colecciones de Jan Hintze, del taller de Fernando Sandoval y de Beatriz S\u00e1nchez Monsiv\u00e1is.&nbsp;<\/p>\n\n\n\n<p>Durante la inauguraci\u00f3n, Lucina Jim\u00e9nez L\u00f3pez, directora General del Instituto Nacional de Bellas Artes y Literatura (INBAL), mencion\u00f3 que \u201cel maestro Toledo fue un gran artista heredero de una tradici\u00f3n universal que retom\u00f3 en M\u00e9xico entre los lugares en los que transit\u00f3\u201d.<\/p>\n\n\n\n<p>La gobernadora Lorena Cu\u00e9llar Cisneros dijo sentirse muy orgullosa de recibir en Tlaxcala esta exposici\u00f3n de unos de los m\u00e1s grandes artistas pl\u00e1sticos en la historia de M\u00e9xico, \u201cun gran promotor de la riqueza cultural de Oaxaca y de todo M\u00e9xico, incansable defensor de los derechos humanos y las lenguas originarias\u201d.<\/p>\n\n\n\n<p>El secretario de Cultura de Tlaxcala, Antonio Mart\u00ednez Vel\u00e1zquez resalt\u00f3 que el artista oaxaque\u00f1o, fue un gran activista, as\u00ed como un defensor de las causas pol\u00edticas, ecol\u00f3gicas, y sobre todo culturales. \u201cToledo era arcaico y contempor\u00e1neo, si ven esta obra gr\u00e1fica nos recuerda a las culturas rupestres, tiene una ra\u00edz de la cultura zapoteca, principalmente\u201d, destac\u00f3.<\/p>\n\n\n\n<p>Hazam Jara, director del IAGO, detall\u00f3 que la exposici\u00f3n \u201ces una muestra que ayuda a entender c\u00f3mo la fascinaci\u00f3n que Toledo ten\u00eda por la gr\u00e1fica, la traslad\u00f3 a la producci\u00f3n y es considerado uno de los artistas que m\u00e1s a\u00f1os dedic\u00f3 a esta t\u00e9cnica, no solo como creador, sino como divulgador de su importancia y pertinencia en nuestros tiempos\u201d.<\/p>\n\n\n\n<p>La Pinacoteca del Estado de Tlaxcala es la primera sede de la itinerancia de esta retrospectiva del maestro Francisco Toledo, despu\u00e9s de una temporada de 18 semanas en el Munae, recinto que forma parte de la Red de Museos del INBAL.&nbsp;<\/p>\n\n\n\n<p>\u201cCada quien con su Toledo. Obra gr\u00e1fica, 1960-2018\u201d recorre parte de la producci\u00f3n gr\u00e1fica del artista, uno de sus principales medios de expresi\u00f3n. Acerca del t\u00edtulo de este trabajo expositivo, su curadora, la historiadora Ana Carolina Abad L\u00f3pez, se\u00f1al\u00f3 que \u201cdurante el proceso de investigaci\u00f3n y curadur\u00eda nos dimos cuenta de que cada persona tiene su propia versi\u00f3n de qui\u00e9n fue Francisco Toledo. La invitaci\u00f3n impl\u00edcita en el t\u00edtulo es que, al recorrer la exposici\u00f3n, cada visitante construya su propia imagen o versi\u00f3n de Toledo: el grabador, el activista, el artista, la persona.<\/p>\n\n\n\n<p>\u201cEn M\u00e9xico, considero que, en las \u00faltimas d\u00e9cadas, Toledo ha sido visto m\u00e1s como un luchador social, presente en la defensa de m\u00faltiples causas. Esta es una de las razones por la que esta exposici\u00f3n es relevante, para recordar que tambi\u00e9n existe el Toledo artista, quiz\u00e1 la imagen m\u00e1s presente fuera de M\u00e9xico; recordar que Toledo es el conjunto de todos esos Toledos\u201d.<\/p>\n\n\n\n<p>Abad confirm\u00f3 que la idea curatorial es hacer un recorrido cronol\u00f3gico a trav\u00e9s de la obra gr\u00e1fica del artista oaxaque\u00f1o y contextualizarla con las acciones pol\u00edticas, sociales y culturales en las que se involucr\u00f3 a lo largo de su vida.<\/p>\n","protected":false},"excerpt":{"rendered":"<p>Redacci\u00f3n\/Zona Roja. Oaxaca de Ju\u00e1rez, Oax., a 27 de junio de 2023.-&nbsp;\u201cCada quien con su&hellip;<\/p>\n","protected":false},"author":2,"featured_media":56914,"comment_status":"closed","ping_status":"open","sticky":false,"template":"","format":"standard","meta":{"_lmt_disableupdate":"","_lmt_disable":"","_jetpack_memberships_contains_paid_content":false,"footnotes":""},"categories":[109,46],"tags":[677],"class_list":["post-56925","post","type-post","status-publish","format-standard","has-post-thumbnail","hentry","category-minuto-a-minuto","category-zona-blanca","tag-francisco-toledo"],"jetpack_featured_media_url":"https:\/\/zonaroja.com.mx\/wp-content\/uploads\/2023\/06\/Obra-de-Toledo-en-Tlaxcala.jpg","jetpack_sharing_enabled":true,"_links":{"self":[{"href":"https:\/\/zonaroja.com.mx\/index.php?rest_route=\/wp\/v2\/posts\/56925","targetHints":{"allow":["GET"]}}],"collection":[{"href":"https:\/\/zonaroja.com.mx\/index.php?rest_route=\/wp\/v2\/posts"}],"about":[{"href":"https:\/\/zonaroja.com.mx\/index.php?rest_route=\/wp\/v2\/types\/post"}],"author":[{"embeddable":true,"href":"https:\/\/zonaroja.com.mx\/index.php?rest_route=\/wp\/v2\/users\/2"}],"replies":[{"embeddable":true,"href":"https:\/\/zonaroja.com.mx\/index.php?rest_route=%2Fwp%2Fv2%2Fcomments&post=56925"}],"version-history":[{"count":1,"href":"https:\/\/zonaroja.com.mx\/index.php?rest_route=\/wp\/v2\/posts\/56925\/revisions"}],"predecessor-version":[{"id":56926,"href":"https:\/\/zonaroja.com.mx\/index.php?rest_route=\/wp\/v2\/posts\/56925\/revisions\/56926"}],"wp:featuredmedia":[{"embeddable":true,"href":"https:\/\/zonaroja.com.mx\/index.php?rest_route=\/wp\/v2\/media\/56914"}],"wp:attachment":[{"href":"https:\/\/zonaroja.com.mx\/index.php?rest_route=%2Fwp%2Fv2%2Fmedia&parent=56925"}],"wp:term":[{"taxonomy":"category","embeddable":true,"href":"https:\/\/zonaroja.com.mx\/index.php?rest_route=%2Fwp%2Fv2%2Fcategories&post=56925"},{"taxonomy":"post_tag","embeddable":true,"href":"https:\/\/zonaroja.com.mx\/index.php?rest_route=%2Fwp%2Fv2%2Ftags&post=56925"}],"curies":[{"name":"wp","href":"https:\/\/api.w.org\/{rel}","templated":true}]}}