{"id":56929,"date":"2023-06-27T16:37:03","date_gmt":"2023-06-27T21:37:03","guid":{"rendered":"http:\/\/www.zonaroja.com.mx\/?p=56929"},"modified":"2023-06-27T20:49:55","modified_gmt":"2023-06-28T01:49:55","slug":"acusa-coatlan-ataque-armado-del-gobierno-de-jara-para-desalojar-bloqueo-a-supercarretera","status":"publish","type":"post","link":"https:\/\/zonaroja.com.mx\/?p=56929","title":{"rendered":"Acusa Coatl\u00e1n ataque armado del gobierno de Jara, para desalojar bloqueo a supercarretera"},"content":{"rendered":"\n<p>Yuridiana Sosa\/Zona Roja.<\/p>\n\n\n\n<p>Oaxaca de Ju\u00e1rez, Oax., a 27 de junio de 2023.- Varios ciudadanos heridos y veh\u00edculos da\u00f1ados es el saldo que dej\u00f3 un ataque armado a los habitantes de San Sebasti\u00e1n Coatl\u00e1n, quienes desde hace casi un mes mantienen un bloqueo en la supercarretera Barranca Larga- Ventanilla, por incumplimientos del gobierno de Oaxaca.<\/p>\n\n\n\n<p>Los pobladores de ese municipio y sus agencias, San Jos\u00e9 Cieneguilla, el Porvenir Ballesteros, Comitl\u00e1n, Piedra Campana y El Gavil\u00e1n, responsabilizan al gobierno de Salom\u00f3n Jara Cruz de dicha agresi\u00f3n debido a que no ha logrado soluci\u00f3n a la protesta que inici\u00f3 desde el pasado 29 de mayo, la altura del paraje \u201cEl Limar\u201d.<\/p>\n\n\n\n<p>A trav\u00e9s de un comunicado, los habitantes se\u00f1alaron que el ataque armado ocurri\u00f3 la madrugada de&nbsp;este martes, cuando personas a bordo de un veh\u00edculo realizaron varios disparos a los manifestantes, quienes resultaron heridos.<\/p>\n\n\n\n<p>La comunidad apunt\u00f3 que su bloqueo es pac\u00edfico, con el fin de exigir el cumplimiento a las demandas por parte del gobierno de Oaxaca pactadas en un convenio del 6 de junio del 2008.&nbsp;<\/p>\n\n\n\n<p>Por este ataque y ante lo que calificaron como \u201cincapacidad\u201d del gobierno de Jara Cruz, San Sebasti\u00e1n Coatl\u00e1n exigi\u00f3 la presencia de autoridades federales para llegar a acuerdos, pues ya no existen condiciones para dialogar con el gobierno estatal.<\/p>\n\n\n\n<p>&nbsp;MINIMIZARON PROTESTA<\/p>\n\n\n\n<p>Luego de una semana de iniciado el bloqueo, el pasado 5 de junio, el gobernador de Oaxaca minimiz\u00f3 y descalific\u00f3 la protesta, incluso hasta agradeci\u00f3 la interrupci\u00f3n del paso en ese tramo de la autopista Oaxaca-Costa.<\/p>\n\n\n\n<p>Jara Cruz se\u00f1al\u00f3 en su conferencia matutina de ese entonces que los inconformes eran \u201cc\u00ednicos\u201d, pues solo se trataba de un grupo de 40 habitantes de la agencia de San Jos\u00e9 Cieneguilla que pidieron al gobierno 50 millones de pesos en efectivo para repartirlo entre ellos.<\/p>\n\n\n\n<p>Mientras que tambi\u00e9n agradeci\u00f3 el cierre del paso, pues eso permitir\u00eda avanzar en los trabajos relacionados a la construcci\u00f3n de un viaducto.<\/p>\n\n\n\n<p>Las acusaciones causaron enojo entre la poblaci\u00f3n, quienes decidieron permanecer en bloqueo sin recibir ning\u00fan tipo de atenci\u00f3n.&nbsp;<\/p>\n\n\n\n<p>Aclararon que entre los compromisos no cumplidos fue la construcci\u00f3n de un Hospital, una red para el sistema de agua potable, un entronque, entre otros.&nbsp;<\/p>\n","protected":false},"excerpt":{"rendered":"<p>Yuridiana Sosa\/Zona Roja. Oaxaca de Ju\u00e1rez, Oax., a 27 de junio de 2023.- Varios ciudadanos&hellip;<\/p>\n","protected":false},"author":2,"featured_media":56941,"comment_status":"closed","ping_status":"open","sticky":false,"template":"","format":"standard","meta":{"_lmt_disableupdate":"","_lmt_disable":"","_jetpack_memberships_contains_paid_content":false,"footnotes":""},"categories":[109,47],"tags":[1160],"class_list":["post-56929","post","type-post","status-publish","format-standard","has-post-thumbnail","hentry","category-minuto-a-minuto","category-zona-gris","tag-san-sebastian-coatlan"],"jetpack_featured_media_url":"https:\/\/zonaroja.com.mx\/wp-content\/uploads\/2023\/06\/Ataque-a-balazos-San-Francisco-Coatlan.jpg","jetpack_sharing_enabled":true,"_links":{"self":[{"href":"https:\/\/zonaroja.com.mx\/index.php?rest_route=\/wp\/v2\/posts\/56929","targetHints":{"allow":["GET"]}}],"collection":[{"href":"https:\/\/zonaroja.com.mx\/index.php?rest_route=\/wp\/v2\/posts"}],"about":[{"href":"https:\/\/zonaroja.com.mx\/index.php?rest_route=\/wp\/v2\/types\/post"}],"author":[{"embeddable":true,"href":"https:\/\/zonaroja.com.mx\/index.php?rest_route=\/wp\/v2\/users\/2"}],"replies":[{"embeddable":true,"href":"https:\/\/zonaroja.com.mx\/index.php?rest_route=%2Fwp%2Fv2%2Fcomments&post=56929"}],"version-history":[{"count":1,"href":"https:\/\/zonaroja.com.mx\/index.php?rest_route=\/wp\/v2\/posts\/56929\/revisions"}],"predecessor-version":[{"id":56930,"href":"https:\/\/zonaroja.com.mx\/index.php?rest_route=\/wp\/v2\/posts\/56929\/revisions\/56930"}],"wp:featuredmedia":[{"embeddable":true,"href":"https:\/\/zonaroja.com.mx\/index.php?rest_route=\/wp\/v2\/media\/56941"}],"wp:attachment":[{"href":"https:\/\/zonaroja.com.mx\/index.php?rest_route=%2Fwp%2Fv2%2Fmedia&parent=56929"}],"wp:term":[{"taxonomy":"category","embeddable":true,"href":"https:\/\/zonaroja.com.mx\/index.php?rest_route=%2Fwp%2Fv2%2Fcategories&post=56929"},{"taxonomy":"post_tag","embeddable":true,"href":"https:\/\/zonaroja.com.mx\/index.php?rest_route=%2Fwp%2Fv2%2Ftags&post=56929"}],"curies":[{"name":"wp","href":"https:\/\/api.w.org\/{rel}","templated":true}]}}