{"id":56931,"date":"2023-06-27T19:54:11","date_gmt":"2023-06-28T00:54:11","guid":{"rendered":"http:\/\/www.zonaroja.com.mx\/?p=56931"},"modified":"2023-06-27T19:54:14","modified_gmt":"2023-06-28T00:54:14","slug":"el-terror-criminal-en-oaxaca-ingresan-a-hospital-y-ejecutan-a-individuo","status":"publish","type":"post","link":"https:\/\/zonaroja.com.mx\/?p=56931","title":{"rendered":"El terror criminal en Oaxaca: ingresan a hospital y ejecutan a individuo"},"content":{"rendered":"\n<p>Redacci\u00f3n\/Zona Roja.<\/p>\n\n\n\n<p>Oaxaca de Ju\u00e1rez, Oax., a 27 de junio de 2023.- Sujetos armados ingresaron a un hospital del IMSS en Santiago Jamiltepec, Oaxaca, y ejecutaron a balazos a un individuo.<\/p>\n\n\n\n<p>Un polic\u00eda de guardia tambi\u00e9n result\u00f3 lesionado en el ataque armado y los m\u00e9dicos tuvieron que encerrarse en consultorios y quir\u00f3fanos para evitar ser v\u00edctimas.<\/p>\n\n\n\n<p>De acuerdo con los primeros reportes, el hoy occiso, identificado como Germ\u00e1n de la C. L., de 29 a\u00f1os de edad, fue baleado anoche en Jamiltepec, tras lo cual fue trasladado al hospital del IMSS, donde la madrugada de hoy fue ejecutado por un comando.<\/p>\n\n\n\n<p>Presuntamente se le investigaba por el asesinato de un menor de edad, Tiago Dila, de cuatro a\u00f1os de edad, quien fue atacado a balazos junto con su padre, el pasado 16 de junio.<\/p>\n\n\n\n<p>OTRO CRIMEN<\/p>\n\n\n\n<p>Por otra parte, un instructor de un gimnasio fue asesinado la madrugada de hoy en La Crucecita, Santa Cruz Huatulco, Oaxaca, presuntamente derivado de una ri\u00f1a.<\/p>\n\n\n\n<p>Se trata del bar \u201cPrincess\u201d, ubicado en la calle Pocho, donde Samuel \u201cN\u201d, de 32 a\u00f1os de edad, fue ultimado a golpes y por disparos de arma de fuego.<\/p>\n\n\n\n<p>En ambos casos, personal de la Vicefiscal\u00eda Regional de la Costa inici\u00f3 las indagatorias correspondientes.<\/p>\n","protected":false},"excerpt":{"rendered":"<p>Redacci\u00f3n\/Zona Roja. Oaxaca de Ju\u00e1rez, Oax., a 27 de junio de 2023.- Sujetos armados ingresaron&hellip;<\/p>\n","protected":false},"author":2,"featured_media":56933,"comment_status":"closed","ping_status":"open","sticky":false,"template":"","format":"standard","meta":{"_lmt_disableupdate":"","_lmt_disable":"","_jetpack_memberships_contains_paid_content":false,"footnotes":""},"categories":[109,51],"tags":[797],"class_list":["post-56931","post","type-post","status-publish","format-standard","has-post-thumbnail","hentry","category-minuto-a-minuto","category-zona-roja","tag-santiago-jamiltepec"],"jetpack_featured_media_url":"https:\/\/zonaroja.com.mx\/wp-content\/uploads\/2023\/06\/Hospital-Jamiltepec-IMSS.jpg","jetpack_sharing_enabled":true,"_links":{"self":[{"href":"https:\/\/zonaroja.com.mx\/index.php?rest_route=\/wp\/v2\/posts\/56931","targetHints":{"allow":["GET"]}}],"collection":[{"href":"https:\/\/zonaroja.com.mx\/index.php?rest_route=\/wp\/v2\/posts"}],"about":[{"href":"https:\/\/zonaroja.com.mx\/index.php?rest_route=\/wp\/v2\/types\/post"}],"author":[{"embeddable":true,"href":"https:\/\/zonaroja.com.mx\/index.php?rest_route=\/wp\/v2\/users\/2"}],"replies":[{"embeddable":true,"href":"https:\/\/zonaroja.com.mx\/index.php?rest_route=%2Fwp%2Fv2%2Fcomments&post=56931"}],"version-history":[{"count":1,"href":"https:\/\/zonaroja.com.mx\/index.php?rest_route=\/wp\/v2\/posts\/56931\/revisions"}],"predecessor-version":[{"id":56934,"href":"https:\/\/zonaroja.com.mx\/index.php?rest_route=\/wp\/v2\/posts\/56931\/revisions\/56934"}],"wp:featuredmedia":[{"embeddable":true,"href":"https:\/\/zonaroja.com.mx\/index.php?rest_route=\/wp\/v2\/media\/56933"}],"wp:attachment":[{"href":"https:\/\/zonaroja.com.mx\/index.php?rest_route=%2Fwp%2Fv2%2Fmedia&parent=56931"}],"wp:term":[{"taxonomy":"category","embeddable":true,"href":"https:\/\/zonaroja.com.mx\/index.php?rest_route=%2Fwp%2Fv2%2Fcategories&post=56931"},{"taxonomy":"post_tag","embeddable":true,"href":"https:\/\/zonaroja.com.mx\/index.php?rest_route=%2Fwp%2Fv2%2Ftags&post=56931"}],"curies":[{"name":"wp","href":"https:\/\/api.w.org\/{rel}","templated":true}]}}