{"id":56935,"date":"2023-06-27T20:46:32","date_gmt":"2023-06-28T01:46:32","guid":{"rendered":"http:\/\/www.zonaroja.com.mx\/?p=56935"},"modified":"2023-06-27T20:46:36","modified_gmt":"2023-06-28T01:46:36","slug":"continuan-actos-contra-cartel-del-despojo-en-oaxaca-suspenden-fiat-de-notario","status":"publish","type":"post","link":"https:\/\/zonaroja.com.mx\/?p=56935","title":{"rendered":"Contin\u00faan actos contra \u201cc\u00e1rtel del despojo\u201d en Oaxaca; suspenden fiat de notario"},"content":{"rendered":"\n<p>Yuridiana Sosa\/Zona Roja.<\/p>\n\n\n\n<p>Oaxaca de Ju\u00e1rez, Oax., a 27 de junio de 2023.- La Consejer\u00eda Jur\u00eddica y Asistencia Legal de Oaxaca exhibi\u00f3 este martes m\u00e1s actos irregulares por parte de notarios p\u00fablicos de Oaxaca, relacionados al despojo de propiedades, as\u00ed como acciones en su contra, como fue la suspensi\u00f3n de la funci\u00f3n del Notario 135, de Jorge Alberto M G., quien se encuentra detenido por su presunta participaci\u00f3n en el \u201cC\u00e1rtel del despojo\u201d.<\/p>\n\n\n\n<p>En conferencia de prensa, en la que participan diversas instancias de gobierno relacionadas al \u00e1rea jur\u00eddica, el director de Notarios y Archivo General, V\u00edctor Manuel Aguilar \u00c1vila, revel\u00f3 que este 26 de junio se notific\u00f3 a la Notar\u00eda 135 la suspensi\u00f3n de funciones del notario Jorge Alberto M. G., luego que le fueron negados los amparos interpuestos.<\/p>\n\n\n\n<p>Explic\u00f3 que para llegar a ese t\u00e9rmino se llev\u00f3 a cabo todo un proceso, como fue, primero la programaci\u00f3n de una visita a la notaria el 12 de abril, misma que trat\u00f3 de ser pospuesta por Jorge Alberto por supuesto estado de salud tres d\u00edas de la cita, lo cual no procedi\u00f3; sin embargo, el 14 de abril fue detenido en Italia por la Interpol.<\/p>\n\n\n\n<p>Aguilar \u00c1vila se\u00f1al\u00f3 que los procesos provenientes de esta Notar\u00eda P\u00fablica ser\u00e1n revisados \u201ccon lupa\u201d para analizar su certeza jur\u00eddica.<\/p>\n\n\n\n<p>Sobre el caso Merlo G\u00f3mez, el director del Instituto de la Funci\u00f3n Registral, Giovanni Ria\u00f1os Saguil\u00e1n, indic\u00f3 que tan solo en la registradur\u00eda del centro en la ciudad de Oaxaca se encontraron 25 tr\u00e1mites de la Notar\u00eda 135 que carecen de pagos ante la Secretar\u00eda de Finanzas, de los que nueve no cuentan con protocolizaci\u00f3n, es decir, sin antecedentes de registros y otros datos que son violatorios al debido proceso. Por estos casos se levant\u00f3 la denuncia ante la Fiscal\u00eda Anticorrupci\u00f3n.<\/p>\n\n\n\n<p>En tanto que el director general del Instituto Catastral, Gilberto Melo Guzm\u00e1n, indic\u00f3 que atienden 38 juicio ordinarios y civiles que est\u00e1n relacionados con tema del despojo de propiedades, de los que se espera su conclusi\u00f3n con una sentencia.<\/p>\n\n\n\n<figure class=\"wp-block-embed is-type-rich is-provider-twitter wp-block-embed-twitter\"><div class=\"wp-block-embed__wrapper\">\n<div class=\"twitter-tweet\"><blockquote class=\"twitter-tweet\" data-lang=\"es\"><p lang=\"es\" dir=\"ltr\">En conferencia de prensa esta ma\u00f1ana sobre el denominado \u201cC\u00e1rtel del despojo\u201d, el titular de la <a href=\"https:\/\/twitter.com\/ConsejeriaOax?ref_src=twsrc%5Etfw\">@ConsejeriaOax<\/a>, <a href=\"https:\/\/twitter.com\/geovanyvasquez?ref_src=twsrc%5Etfw\">@geovanyvasquez<\/a>, inform\u00f3 que fue suspendida la notar\u00eda a Jorge A. M. G. -quien se encuentra detenido-, por diversas irregularidades.<br>Adem\u00e1s, se han hallado probables\u2026 <a href=\"https:\/\/t.co\/N4I4LZVH79\">pic.twitter.com\/N4I4LZVH79<\/a><\/p>&mdash; Zona Roja Oaxaca (@ZonaRoja_Oaxaca) <a href=\"https:\/\/twitter.com\/ZonaRoja_Oaxaca\/status\/1673833369782611969?ref_src=twsrc%5Etfw\">27 de junio de 2023<\/a><\/blockquote><\/div>\n<\/div><\/figure>\n\n\n\n<p>OTROS CASOS<\/p>\n\n\n\n<p>El director del Instituto de la Funci\u00f3n Registral, Giovanni Ria\u00f1os Saguil\u00e1n, revel\u00f3 que en los \u00faltimos meses se han detectado documentos ap\u00f3crifos por parte de cuatro notar\u00edas.<\/p>\n\n\n\n<p>se trata de la Notar\u00eda 45 de Miguel \u00c1ngel Modesto Concha Virlo; 38, de Omar Abacuc S\u00e1nchez Heras; 26 de Emanuel Toledo Medina y 35 de Jorge Winckler Yessin, dos de ellos ya fallecidos.<\/p>\n\n\n\n<p>En el caso de la Notar\u00eda 26, opera en la regi\u00f3n del Istmo, donde se detectaron una diversidad de documentos alterados. Mientras que en el caso de la Notar\u00eda 35, se siguieron haciendo tr\u00e1mites despu\u00e9s del fallecimiento de Winckler Yessin.<\/p>\n\n\n\n<p>Por el tema de Winckler, el director de Notarios y Archivo General, V\u00edctor Manuel Aguilar \u00c1vila, indic\u00f3 cuentan con demandas de nulidad por mal uso de documentos y existen al menos 10 denuncias interpuestas en la Fiscal\u00eda Anticorrupci\u00f3n.<\/p>\n\n\n\n<p>El Consejero Jur\u00eddico, Giovany V\u00e1squez Sagrero, asever\u00f3 que existe una estrecha relaci\u00f3n entre los organismos para dar puntual seguimiento al caso de los notarios que han atentado contra el bien patrimonial de los oaxaque\u00f1os.<\/p>\n\n\n\n<p>As\u00ed como cooperaci\u00f3n con las instancias que han solicitado informes para las diversas investigaciones que realizan, pues antes exist\u00eda una complicidad entre los directores de las instancias y las Notar\u00edas.<\/p>\n\n\n\n<p>Durante la conferencia de prensa se dio a conocer que por diversas investigaciones el Registro Civil ha respondido a 374 solicitudes de informaci\u00f3n por indagatorias penales; mientras que la dependencia interpuso denuncias en la Fiscal\u00eda Anticorrupci\u00f3n por peculado.<\/p>\n\n\n\n<p>En tanto que dicha dependencia ha interpuesto tambi\u00e9n una denuncia ante la FGEO por la sustracci\u00f3n de dos equipos con GPS con un valor superior al 1.1 millones de pesos, as\u00ed como cuatro m\u00e1s ante la Secretar\u00eda de Honestidad por corrupci\u00f3n, falsificaci\u00f3n de documentos, no entregar expedientes. Incumplimiento de ex servidores p\u00fablicos.<\/p>\n","protected":false},"excerpt":{"rendered":"<p>Yuridiana Sosa\/Zona Roja. Oaxaca de Ju\u00e1rez, Oax., a 27 de junio de 2023.- La Consejer\u00eda&hellip;<\/p>\n","protected":false},"author":2,"featured_media":56936,"comment_status":"closed","ping_status":"open","sticky":false,"template":"","format":"standard","meta":{"_lmt_disableupdate":"","_lmt_disable":"","_jetpack_memberships_contains_paid_content":false,"footnotes":""},"categories":[109,46],"tags":[3389,3592],"class_list":["post-56935","post","type-post","status-publish","format-standard","has-post-thumbnail","hentry","category-minuto-a-minuto","category-zona-blanca","tag-cartel-del-despojo-oaxaca","tag-consejeria-juridica-y-asistencia-legal"],"jetpack_featured_media_url":"https:\/\/zonaroja.com.mx\/wp-content\/uploads\/2023\/06\/Conferencia-de-prensa-consejeria-juridica.jpg","jetpack_sharing_enabled":true,"_links":{"self":[{"href":"https:\/\/zonaroja.com.mx\/index.php?rest_route=\/wp\/v2\/posts\/56935","targetHints":{"allow":["GET"]}}],"collection":[{"href":"https:\/\/zonaroja.com.mx\/index.php?rest_route=\/wp\/v2\/posts"}],"about":[{"href":"https:\/\/zonaroja.com.mx\/index.php?rest_route=\/wp\/v2\/types\/post"}],"author":[{"embeddable":true,"href":"https:\/\/zonaroja.com.mx\/index.php?rest_route=\/wp\/v2\/users\/2"}],"replies":[{"embeddable":true,"href":"https:\/\/zonaroja.com.mx\/index.php?rest_route=%2Fwp%2Fv2%2Fcomments&post=56935"}],"version-history":[{"count":1,"href":"https:\/\/zonaroja.com.mx\/index.php?rest_route=\/wp\/v2\/posts\/56935\/revisions"}],"predecessor-version":[{"id":56937,"href":"https:\/\/zonaroja.com.mx\/index.php?rest_route=\/wp\/v2\/posts\/56935\/revisions\/56937"}],"wp:featuredmedia":[{"embeddable":true,"href":"https:\/\/zonaroja.com.mx\/index.php?rest_route=\/wp\/v2\/media\/56936"}],"wp:attachment":[{"href":"https:\/\/zonaroja.com.mx\/index.php?rest_route=%2Fwp%2Fv2%2Fmedia&parent=56935"}],"wp:term":[{"taxonomy":"category","embeddable":true,"href":"https:\/\/zonaroja.com.mx\/index.php?rest_route=%2Fwp%2Fv2%2Fcategories&post=56935"},{"taxonomy":"post_tag","embeddable":true,"href":"https:\/\/zonaroja.com.mx\/index.php?rest_route=%2Fwp%2Fv2%2Ftags&post=56935"}],"curies":[{"name":"wp","href":"https:\/\/api.w.org\/{rel}","templated":true}]}}