{"id":56938,"date":"2023-06-27T20:48:46","date_gmt":"2023-06-28T01:48:46","guid":{"rendered":"http:\/\/www.zonaroja.com.mx\/?p=56938"},"modified":"2023-06-27T20:48:49","modified_gmt":"2023-06-28T01:48:49","slug":"denuncian-violencia-de-genero-en-monte-de-piedad-director-se-siente-protegido-por-jara","status":"publish","type":"post","link":"https:\/\/zonaroja.com.mx\/?p=56938","title":{"rendered":"Denuncian violencia de g\u00e9nero en Monte de Piedad; director se siente protegido por Jara"},"content":{"rendered":"\n<p>Yuridiana Sosa\/Zona Roja.<\/p>\n\n\n\n<p>Oaxaca de Ju\u00e1rez, Oax., a 27 de junio de 2023.- La violencia de funcionarios estatales de Oaxaca contra las mujeres ahora lleg\u00f3 al Monte de Piedad, donde su titular Omar Juli\u00e1n Juli\u00e1n es el principal ejecutor, al tiempo que se siente protegido por el gobernador Salom\u00f3n Jara Cruz.<\/p>\n\n\n\n<p>La ex trabajadora y v\u00edctima de los actos de hostigamiento sexual y laboral,\u00a0Magda Liliana Altamirano Calder\u00f3n, denunci\u00f3 p\u00fablicamente las acciones en su contra, en las que se incluyen amenazas contra su vida.<\/p>\n\n\n\n<p>En conferencia de prensa, Altamirano Calderon se\u00f1al\u00f3 que el hostigamiento laboral y sexual comenz\u00f3 en enero de este a\u00f1o, cuando por medio de su cargo como gerente de la sucursal 8 de la ciudad de Oaxaca, detecto actos de corrupci\u00f3n de una personas a su cargo, de lo cual dio aviso a sus superiores.<\/p>\n\n\n\n<p>La mujer, quien dej\u00f3 de ostentar el cargo de gerente hasta hace unos d\u00edas, se\u00f1al\u00f3 que Julian Julian prefiri\u00f3 orquestar una cacer\u00eda en su contra en complicidad con otros funcionarios como el caso del contador Jos\u00e9 Manuel Azamar Avenda\u00f1o, sin darle oportunidad de un di\u00e1logo para exponer su situaci\u00f3n, adem\u00e1s de presumir protecci\u00f3n del mandatario.<\/p>\n\n\n\n<p>Por las diversas anomal\u00edas, la ex gerente interpuso denuncias en la Fiscal\u00eda Especializada en Atenci\u00f3n de Delitos contra la Mujer por Raz\u00f3n de G\u00e9nero, en la Secretar\u00eda de Honestidad de Oaxaca y en la Defensor\u00eda de los Derechos Humanos del Pueblo de Oaxaca.<\/p>\n\n\n\n<p>Para frenar las denuncias por presuntos actos de corrupci\u00f3n, los funcionarios del Monte de Piedad a nombre de Omar Juli\u00e1n Juli\u00e1n le ofrecieron dinero a cambio de desistirse y renunciar a su cargo.<\/p>\n\n\n\n<figure class=\"wp-block-embed is-type-rich is-provider-twitter wp-block-embed-twitter\"><div class=\"wp-block-embed__wrapper\">\n<div class=\"twitter-tweet\"><blockquote class=\"twitter-tweet\" data-lang=\"es\"><p lang=\"es\" dir=\"ltr\"><a href=\"https:\/\/twitter.com\/hashtag\/%C3%9AltimoMinuto?src=hash&amp;ref_src=twsrc%5Etfw\">#\u00daltimoMinuto<\/a><br>Otro esc\u00e1ndalo de violencia contra la mujer en el gobierno de <a href=\"https:\/\/twitter.com\/salomonj?ref_src=twsrc%5Etfw\">@salomonj<\/a>.<br>Ahora es Magda Liliana Altamirano Calder\u00f3n, quien denuncia diversos hechos en su contra en el Monte de Piedad del estado de <a href=\"https:\/\/twitter.com\/hashtag\/Oaxaca?src=hash&amp;ref_src=twsrc%5Etfw\">#Oaxaca<\/a> (<a href=\"https:\/\/twitter.com\/MPiedad_GobOax?ref_src=twsrc%5Etfw\">@MPiedad_GobOax<\/a>) y cuyo director Omar Juli\u00e1n Juli\u00e1n protege\u2026 <a href=\"https:\/\/t.co\/Gt1zfEitHz\">pic.twitter.com\/Gt1zfEitHz<\/a><\/p>&mdash; Zona Roja Oaxaca (@ZonaRoja_Oaxaca) <a href=\"https:\/\/twitter.com\/ZonaRoja_Oaxaca\/status\/1673771780165746688?ref_src=twsrc%5Etfw\">27 de junio de 2023<\/a><\/blockquote><\/div>\n<\/div><\/figure>\n\n\n\n<p>\u201cSi sigues tu vida puede correr riesgo\u201d, le se\u00f1al\u00f3 Azamar Altamirano, denunci\u00f3 la v\u00edctima, quien adem\u00e1s dijo, los funcionarios trataron de vulnerarla con su estado de salud al enfrentar un c\u00e1ncer.<\/p>\n\n\n\n<p>QUE HAY RESPETO<\/p>\n\n\n\n<p>Por su parte, en un comunicado de prensa, el Gobierno del Estado inform\u00f3 que, con relaci\u00f3n a las declaraciones expresadas por una extrabajadora, el Monte de Piedad del Estado \u201cniega categ\u00f3ricamente haber ejercido cualquier tipo de violencia en contra de la ciudadana.<\/p>\n\n\n\n<p>\u201cNuestra instituci\u00f3n reitera el compromiso de la presente administraci\u00f3n, as\u00ed como del Gobierno del Estado de Oaxaca de regir las entidades y dependencias bajo una l\u00ednea de perspectiva de g\u00e9nero y en cumplimiento cabal a lo que se\u00f1ale la Ley.&nbsp;<\/p>\n\n\n\n<p>\u201cPor ello, estamos en la disposici\u00f3n de cumplir con los requerimientos correspondientes ante los \u00f3rganos de justicia para las investigaciones pertinentes\u201d.<\/p>\n\n\n\n<p>Garantiz\u00f3 que en esta administraci\u00f3n no hay ni habr\u00e1 cabida para ninguna persona que pretenda violentar los derechos humanos fundamentales.<\/p>\n","protected":false},"excerpt":{"rendered":"<p>Yuridiana Sosa\/Zona Roja. Oaxaca de Ju\u00e1rez, Oax., a 27 de junio de 2023.- La violencia&hellip;<\/p>\n","protected":false},"author":2,"featured_media":56942,"comment_status":"closed","ping_status":"open","sticky":false,"template":"","format":"standard","meta":{"_lmt_disableupdate":"","_lmt_disable":"","_jetpack_memberships_contains_paid_content":false,"footnotes":""},"categories":[109,47],"tags":[3593,833],"class_list":["post-56938","post","type-post","status-publish","format-standard","has-post-thumbnail","hentry","category-minuto-a-minuto","category-zona-gris","tag-magda-liliana-altamirano-calderon","tag-monte-de-piedad-del-estado-de-oaxaca"],"jetpack_featured_media_url":"https:\/\/zonaroja.com.mx\/wp-content\/uploads\/2023\/06\/Denuncia-Monte-de-Piedad-Magda-Liliana-Altamirano.jpg","jetpack_sharing_enabled":true,"_links":{"self":[{"href":"https:\/\/zonaroja.com.mx\/index.php?rest_route=\/wp\/v2\/posts\/56938","targetHints":{"allow":["GET"]}}],"collection":[{"href":"https:\/\/zonaroja.com.mx\/index.php?rest_route=\/wp\/v2\/posts"}],"about":[{"href":"https:\/\/zonaroja.com.mx\/index.php?rest_route=\/wp\/v2\/types\/post"}],"author":[{"embeddable":true,"href":"https:\/\/zonaroja.com.mx\/index.php?rest_route=\/wp\/v2\/users\/2"}],"replies":[{"embeddable":true,"href":"https:\/\/zonaroja.com.mx\/index.php?rest_route=%2Fwp%2Fv2%2Fcomments&post=56938"}],"version-history":[{"count":1,"href":"https:\/\/zonaroja.com.mx\/index.php?rest_route=\/wp\/v2\/posts\/56938\/revisions"}],"predecessor-version":[{"id":56943,"href":"https:\/\/zonaroja.com.mx\/index.php?rest_route=\/wp\/v2\/posts\/56938\/revisions\/56943"}],"wp:featuredmedia":[{"embeddable":true,"href":"https:\/\/zonaroja.com.mx\/index.php?rest_route=\/wp\/v2\/media\/56942"}],"wp:attachment":[{"href":"https:\/\/zonaroja.com.mx\/index.php?rest_route=%2Fwp%2Fv2%2Fmedia&parent=56938"}],"wp:term":[{"taxonomy":"category","embeddable":true,"href":"https:\/\/zonaroja.com.mx\/index.php?rest_route=%2Fwp%2Fv2%2Fcategories&post=56938"},{"taxonomy":"post_tag","embeddable":true,"href":"https:\/\/zonaroja.com.mx\/index.php?rest_route=%2Fwp%2Fv2%2Ftags&post=56938"}],"curies":[{"name":"wp","href":"https:\/\/api.w.org\/{rel}","templated":true}]}}