{"id":56944,"date":"2023-06-27T23:16:26","date_gmt":"2023-06-28T04:16:26","guid":{"rendered":"http:\/\/www.zonaroja.com.mx\/?p=56944"},"modified":"2023-06-27T23:16:47","modified_gmt":"2023-06-28T04:16:47","slug":"opinion-el-maximato-que-viene","status":"publish","type":"post","link":"https:\/\/zonaroja.com.mx\/?p=56944","title":{"rendered":"Opini\u00f3n. El maximato que viene"},"content":{"rendered":"\n<p>N\u00e9stor Y. S\u00e1nchez Islas.<\/p>\n\n\n\n<p>El presidente de la rep\u00fablica lo est\u00e1 diciendo de forma abierta y p\u00fablica, no nos llamemos a enga\u00f1o el a\u00f1o pr\u00f3ximo que habr\u00e1 elecciones. Qui\u00e9n gane la encuesta ser\u00e1 candidato presidencial de Morena y, como est\u00e1n las cosas, es casi seguro que triunfe.<\/p>\n\n\n\n<p>A los que no ganen ya les inform\u00f3 el premio de consolaci\u00f3n: liderazgo del Congreso y puestos de alto nivel en el gabinete. <\/p>\n\n\n\n<p>Para no dejar duda de sus intenciones, inform\u00f3 tambi\u00e9n que antes de dejar la presidencia, enviar\u00e1 al Congreso entrante una iniciativa para reformar al INE y otra para cambiar al poder judicial y someter al voto popular la elecci\u00f3n de los ministros. Como buen populista, desea que su transformaci\u00f3n dure hasta el fin de los tiempos.<\/p>\n\n\n\n<p>El poder enloquece a los presidentes. La mayor\u00eda han buscado la forma de reelegirse a trav\u00e9s de un t\u00edtere y convertirse en el poder detr\u00e1s del trono. Aunque no lo quiera, L\u00f3pez Obrador se parece mucho a Carlos Salinas y es casi un clon de Luis Echeverr\u00eda.<\/p>\n\n\n\n<p>Porfirio D\u00edaz tuvo su peque\u00f1o maximato. Nombr\u00f3 a su compadre Manuel Gonz\u00e1lez como presidente mientras \u00e9l era el que mandaba. Despu\u00e9s de la revoluci\u00f3n y bajo el per\u00edodo de los sonorenses, Plutarco El\u00edas Calles se alz\u00f3 como jefe m\u00e1ximo de la Revoluci\u00f3n tras el asesinato de \u00c1lvaro Obreg\u00f3n en 1928. Nombr\u00f3 a tres presidentes peleles: Emilio Portes Gil, Pascual Ortiz Rubio y Abelardo Rodr\u00edguez. Tuvieron el cargo, pero no el poder.<\/p>\n\n\n\n<p>El&nbsp;maximato&nbsp;concluy\u00f3 con la llegada de L\u00e1zaro C\u00e1rdenas, a quien Plutarco El\u00edas Calles crey\u00f3 que tambi\u00e9n&nbsp;manipular\u00eda. No fue as\u00ed, C\u00e1rdenas lo apres\u00f3 en piyama, lo subi\u00f3 a un avi\u00f3n y lo mand\u00f3 a los Estados Unidos&nbsp;exiliado. Se acab\u00f3 el poder detr\u00e1s del trono, se acabaron los jefes m\u00e1ximos, pero no los \u00e1nimos reeleccionistas de, por ejemplo, Miguel Alem\u00e1n, Echeverr\u00eda, Salinas y ahora Obrador.<\/p>\n\n\n\n<p>El&nbsp;sue\u00f1o de un&nbsp;maximato&nbsp;ser\u00eda el para\u00edso de la nueva burgues\u00eda, pero&nbsp;el infierno para M\u00e9xico. Su revoluci\u00f3n, mal llamada transformaci\u00f3n, no entregar\u00e1 buenas cuentas en nada. Ni en seguridad, ni en salud, ni en crecimiento econ\u00f3mico, ni en educaci\u00f3n, ni en&nbsp;huachicoleo&nbsp;ni en la lucha contra la corrupci\u00f3n. Lo que si dejar\u00e1 es la restituci\u00f3n de una presidencia imperial en&nbsp;la&nbsp;que&nbsp;Obrador&nbsp;ser\u00e1&nbsp;el&nbsp;Supremo,&nbsp;nadie debe ser m\u00e1s poderoso e importante que \u00e9l.<\/p>\n\n\n\n<p>Faltan apenas quince meses para concluir este sexenio. El presidente ya se dio cuenta que no podr\u00e1 cumplir lo prometido. El poder se le acabar\u00e1, no habr\u00e1 otros datos y la realidad lo anular\u00e1, por ello mismo tiene la necesidad de reelegirse o prolongar su poder a trav\u00e9s de una&nbsp;marioneta.<\/p>\n\n\n\n<p>Su favorita es Claudia Sheinbaum, que apenas el lunes pasado estuvo de campa\u00f1a en nuestra capital. Al mismo estilo de los usos y costumbres del PRI que les dio vida, la cargada, \u201cbufalada\u201d dir\u00eda el cl\u00e1sico, tuvo su cap\u00edtulo local.<\/p>\n\n\n\n<p>Enorme gasto en acarreados y en escenograf\u00eda que incluy\u00f3 enormes pantallas digitales que seguramente trajeron desde la CDMX. El costo fue muy alto y existe la duda si, dada la simpat\u00eda de Salom\u00f3n Jara por la se\u00f1ora Sheinbaum, el gobierno estatal pagar\u00e1 las facturas. Pero no importa porque lograron que las fuerzas vivas de Morena se lanzaron al z\u00f3calo con todo y marmotas a festejar por adelantado a quien consideran ser\u00e1 la pr\u00f3xima presienta.<\/p>\n\n\n\n<p>El presidente no debe olvidar que toda la abyecci\u00f3n de sus corcholatas concluir\u00e1 el d\u00eda que uno de ellos sea&nbsp;postulado. Quien quiera de sus corcholatas que llegue al poder no querr\u00e1 compartirlo. Lo ejercer\u00e1 y ser\u00e1 casi seguro que&nbsp;mandar\u00e1&nbsp;a Obrador a su rancho&nbsp;o&nbsp;a una lejana embajada. Es la ley en la pol\u00edtica y en el poder.<\/p>\n\n\n\n<p>TORCIENDO LA HISTORIA<\/p>\n\n\n\n<p>Uno de los recursos favoritos&nbsp;de la izquierda populista que nos gobierna es la manipulaci\u00f3n de la historia a su favor. Dada la simpat\u00eda del mexicano por los perdedores, siempre se proyectan como v\u00edctimas para lograr aceptaci\u00f3n.<\/p>\n\n\n\n<p>El movimiento magisterial es un experto en la manipulaci\u00f3n. Crearon toda una narrativa en 2006&nbsp;porque&nbsp;de una asonada absolutamente sindical&nbsp;ladisfrazaron&nbsp;de&nbsp;un levantamiento popular. Gracias a ese discurso hoy est\u00e1n en el poder quienes incendiaron la ciudad en 2006. El car\u00e1cter popular se lo dieron a trav\u00e9s de la invenci\u00f3n de la APPO, sin embargo, los beneficiados fueron exclusivamente los maestros y los agitadores, la gente no obtuvo nada, absolutamente nada, pero sigue teniendo simpat\u00eda por ellos por la falsa imagen que&nbsp;conservan.<\/p>\n\n\n\n<p>Ayotzinapa es otro caso. Los asesinos intelectuales y materiales de aquellos revoltoso normalistas hoy est\u00e1n libres y los soldados y polic\u00edas que investigaron est\u00e1n presos o en fuga. El mundo al rev\u00e9s.&nbsp;Los matones&nbsp;del c\u00e1rtel de los Guerreros Unidos&nbsp;est\u00e1n libres,&nbsp;los polic\u00edas y soldados&nbsp;son los acusados.<\/p>\n\n\n\n<p>Al presidente le urge cerrar el caso Ayotzinapa. Es otra de sus promesas incumplidas y, por ello mismo,&nbsp;acelerar\u00e1&nbsp;los procesos,&nbsp;inventar\u00e1&nbsp;chivos expiatorios,&nbsp;liberar\u00e1&nbsp;criminales y&nbsp;acusar\u00e1n&nbsp;de tortura a los investigadores.&nbsp;La transformaci\u00f3n solo es un mundo al rev\u00e9s, el mundo de la posverdad&nbsp;y&nbsp;la simulaci\u00f3n.<\/p>\n\n\n\n<p>nestoryuri@yahoo.com<\/p>\n","protected":false},"excerpt":{"rendered":"<p>N\u00e9stor Y. S\u00e1nchez Islas. El presidente de la rep\u00fablica lo est\u00e1 diciendo de forma abierta&hellip;<\/p>\n","protected":false},"author":2,"featured_media":41861,"comment_status":"closed","ping_status":"open","sticky":false,"template":"","format":"standard","meta":{"_lmt_disableupdate":"","_lmt_disable":"","_jetpack_memberships_contains_paid_content":false,"footnotes":""},"categories":[456,109],"tags":[],"class_list":["post-56944","post","type-post","status-publish","format-standard","has-post-thumbnail","hentry","category-columna","category-minuto-a-minuto"],"jetpack_featured_media_url":"https:\/\/zonaroja.com.mx\/wp-content\/uploads\/2022\/05\/Opinion-Nestor-Yuri-Sanchez-Islas.jpg","jetpack_sharing_enabled":true,"_links":{"self":[{"href":"https:\/\/zonaroja.com.mx\/index.php?rest_route=\/wp\/v2\/posts\/56944","targetHints":{"allow":["GET"]}}],"collection":[{"href":"https:\/\/zonaroja.com.mx\/index.php?rest_route=\/wp\/v2\/posts"}],"about":[{"href":"https:\/\/zonaroja.com.mx\/index.php?rest_route=\/wp\/v2\/types\/post"}],"author":[{"embeddable":true,"href":"https:\/\/zonaroja.com.mx\/index.php?rest_route=\/wp\/v2\/users\/2"}],"replies":[{"embeddable":true,"href":"https:\/\/zonaroja.com.mx\/index.php?rest_route=%2Fwp%2Fv2%2Fcomments&post=56944"}],"version-history":[{"count":1,"href":"https:\/\/zonaroja.com.mx\/index.php?rest_route=\/wp\/v2\/posts\/56944\/revisions"}],"predecessor-version":[{"id":56945,"href":"https:\/\/zonaroja.com.mx\/index.php?rest_route=\/wp\/v2\/posts\/56944\/revisions\/56945"}],"wp:featuredmedia":[{"embeddable":true,"href":"https:\/\/zonaroja.com.mx\/index.php?rest_route=\/wp\/v2\/media\/41861"}],"wp:attachment":[{"href":"https:\/\/zonaroja.com.mx\/index.php?rest_route=%2Fwp%2Fv2%2Fmedia&parent=56944"}],"wp:term":[{"taxonomy":"category","embeddable":true,"href":"https:\/\/zonaroja.com.mx\/index.php?rest_route=%2Fwp%2Fv2%2Fcategories&post=56944"},{"taxonomy":"post_tag","embeddable":true,"href":"https:\/\/zonaroja.com.mx\/index.php?rest_route=%2Fwp%2Fv2%2Ftags&post=56944"}],"curies":[{"name":"wp","href":"https:\/\/api.w.org\/{rel}","templated":true}]}}