{"id":56946,"date":"2023-06-28T08:21:14","date_gmt":"2023-06-28T13:21:14","guid":{"rendered":"http:\/\/www.zonaroja.com.mx\/?p=56946"},"modified":"2023-06-28T08:21:18","modified_gmt":"2023-06-28T13:21:18","slug":"son-14-los-empleados-secuestrados-en-chiapas-no-hay-pistas","status":"publish","type":"post","link":"https:\/\/zonaroja.com.mx\/?p=56946","title":{"rendered":"Son 14 los empleados secuestrados en Chiapas; no hay pistas"},"content":{"rendered":"\n<p>Redacci\u00f3n\/Zona Roja Cdmx.<\/p>\n\n\n\n<p>Ciudad de M\u00e9xico, a 28 de junio de 2023.- Hombres armados a bordo de dos veh\u00edculos secuestraron a 14 trabajadores administrativos de la Secretar\u00eda de Seguridad y Protecci\u00f3n Ciudadana (SSPC) de Chiapas, inform\u00f3 esa dependencia.<\/p>\n\n\n\n<p>Ayer por la tarde, entre 35 y 40 empleados de la SSPC eran transportados del cuartel general de la polic\u00eda estatal preventiva, en el antiguo aeropuerto de Llano San Juan, hacia el vecino municipio de Ocozocoautla, cuando fueron interceptados y 14 personas fueron obligadas a subir a otra unidad, revelaron fuentes de seguridad.<\/p>\n\n\n\n<p>La SSPC se\u00f1al\u00f3 que, en coordinaci\u00f3n con fuerzas federales, busca a las 14 personas privadas de la libertad en el tramo carretero Ocozocoautla-Tuxtla Guti\u00e9rrez, cerca del crucero Llano San Juan.<\/p>\n\n\n\n<p>En un escueto comunicado, dio a conocer que, \u201cderivado de un reporte de auxilio, de manera inmediata se estableci\u00f3 un operativo permanente por aire y por tierra con todas las fuerzas armadas para dar con el paradero de los compa\u00f1eros privados de la libertad\u201d.<\/p>\n\n\n\n<p>Detall\u00f3 que se realizan \u201ctodas las acciones necesarias para encontrarlos y llevar a los responsables ante las autoridades competentes\u201d.<\/p>\n\n\n\n<p>Por separado, la Fiscal\u00eda General del Estado (FGE), dio a conocer que analiza materiales de video y fotogr\u00e1ficos para determinar si corresponden a estos hechos.<\/p>\n\n\n\n<p>\u201cLa FGE participa en el despliegue de acciones de b\u00fasqueda y localizaci\u00f3n para dar con el paradero de estas personas\u201d y refrenda su \u201ccompromiso de garantizar el estado de derecho y que ninguna conducta il\u00edcita quede impune\u201d.<\/p>\n\n\n\n<p>Los secuestrados iban en la unidad con n\u00famero econ\u00f3mico 50491 y placas de circulaci\u00f3n 7-ASW-76, de Chiapas, exclusiva para el traslado de personal administrativo.<\/p>\n\n\n\n<p>ULTIMAN A PERITO<\/p>\n\n\n\n<p>En Veracruz, los cuerpos de Ra\u00fal Guti\u00e9rrez Rosas, perito de la Fiscal\u00eda General de la Rep\u00fablica (FGR), y de su acompa\u00f1ante, Eduardo Guti\u00e9rrez Dom\u00ednguez, fueron localizados en un camino rural en Coscomatepec, Veracruz. Ambos eran originarios de Puebla y se report\u00f3 su desaparici\u00f3n el domingo pasado.<\/p>\n\n\n\n<p>De acuerdo con los primeros reportes policiacos, los cad\u00e1veres presentaban huellas de violencia y tortura, as\u00ed como impactos de arma de fuego.<\/p>\n\n\n\n<p>El hallazgo se realiz\u00f3 tras una llamada an\u00f3nima a las autoridades sobre la presencia de dos hombres asesinados a un costado de un camino de terracer\u00eda que va de la Localidad San Jos\u00e9 a Tlamamatla, en Coscomatepec.<\/p>\n\n\n\n<p>Guti\u00e9rrez Rosas y Guti\u00e9rrez Dom\u00ednguez, de 36 y 46 a\u00f1os de edad, respectivamente, se dirig\u00edan a C\u00f3rdoba a comprar un veh\u00edculo, cuando perdieron comunicaci\u00f3n con sus familiares, quienes reportaron su desaparici\u00f3n. Hace dos d\u00edas se emiti\u00f3 la ficha de b\u00fasqueda.<\/p>\n\n\n\n<p>CAE CABECILLA<\/p>\n\n\n\n<p>En Sonora, Jes\u00fas Aurelio Ibarra, alias Comandante Aurelio, se\u00f1alado por las autoridades como uno de los principales l\u00edderes del c\u00e1rtel de Sinaloa en el norte del estado, fue detenido por elementos de la polic\u00eda estatal en el municipio de Sonoyta, frontera con Arizona, Estados Unidos, inform\u00f3 la mesa estatal de seguridad p\u00fablica.<\/p>\n\n\n\n<p>De acuerdo con el Registro Nacional de Detenciones, el presunto capo era uno de los cabecillas de Los Chapitos, facci\u00f3n del c\u00e1rtel de Sinaloa dirigido por los hijos de Joaqu\u00edn El Chapo Guzm\u00e1n. Lo acusan de ser responsable del tr\u00e1fico de fentanilo en el Golfo de Santa Clara.<\/p>\n\n\n\n<p>(Informaci\u00f3n de \u201cLa Jornada\u201d)<\/p>\n","protected":false},"excerpt":{"rendered":"<p>Redacci\u00f3n\/Zona Roja Cdmx. Ciudad de M\u00e9xico, a 28 de junio de 2023.- Hombres armados a&hellip;<\/p>\n","protected":false},"author":2,"featured_media":56947,"comment_status":"closed","ping_status":"open","sticky":false,"template":"","format":"standard","meta":{"_lmt_disableupdate":"","_lmt_disable":"","_jetpack_memberships_contains_paid_content":false,"footnotes":""},"categories":[109,47],"tags":[1201],"class_list":["post-56946","post","type-post","status-publish","format-standard","has-post-thumbnail","hentry","category-minuto-a-minuto","category-zona-gris","tag-chiapas"],"jetpack_featured_media_url":"https:\/\/zonaroja.com.mx\/wp-content\/uploads\/2023\/06\/Secuestro-en-Chiapas-.jpg","jetpack_sharing_enabled":true,"_links":{"self":[{"href":"https:\/\/zonaroja.com.mx\/index.php?rest_route=\/wp\/v2\/posts\/56946","targetHints":{"allow":["GET"]}}],"collection":[{"href":"https:\/\/zonaroja.com.mx\/index.php?rest_route=\/wp\/v2\/posts"}],"about":[{"href":"https:\/\/zonaroja.com.mx\/index.php?rest_route=\/wp\/v2\/types\/post"}],"author":[{"embeddable":true,"href":"https:\/\/zonaroja.com.mx\/index.php?rest_route=\/wp\/v2\/users\/2"}],"replies":[{"embeddable":true,"href":"https:\/\/zonaroja.com.mx\/index.php?rest_route=%2Fwp%2Fv2%2Fcomments&post=56946"}],"version-history":[{"count":1,"href":"https:\/\/zonaroja.com.mx\/index.php?rest_route=\/wp\/v2\/posts\/56946\/revisions"}],"predecessor-version":[{"id":56948,"href":"https:\/\/zonaroja.com.mx\/index.php?rest_route=\/wp\/v2\/posts\/56946\/revisions\/56948"}],"wp:featuredmedia":[{"embeddable":true,"href":"https:\/\/zonaroja.com.mx\/index.php?rest_route=\/wp\/v2\/media\/56947"}],"wp:attachment":[{"href":"https:\/\/zonaroja.com.mx\/index.php?rest_route=%2Fwp%2Fv2%2Fmedia&parent=56946"}],"wp:term":[{"taxonomy":"category","embeddable":true,"href":"https:\/\/zonaroja.com.mx\/index.php?rest_route=%2Fwp%2Fv2%2Fcategories&post=56946"},{"taxonomy":"post_tag","embeddable":true,"href":"https:\/\/zonaroja.com.mx\/index.php?rest_route=%2Fwp%2Fv2%2Ftags&post=56946"}],"curies":[{"name":"wp","href":"https:\/\/api.w.org\/{rel}","templated":true}]}}