{"id":56949,"date":"2023-06-28T09:21:00","date_gmt":"2023-06-28T14:21:00","guid":{"rendered":"http:\/\/www.zonaroja.com.mx\/?p=56949"},"modified":"2023-06-28T08:22:31","modified_gmt":"2023-06-28T13:22:31","slug":"logra-fiscalia-sentencia-de-40-anos-contra-dos-homicidas-de-la-sierra-sur","status":"publish","type":"post","link":"https:\/\/zonaroja.com.mx\/?p=56949","title":{"rendered":"Logra Fiscal\u00eda sentencia de 40 a\u00f1os contra dos homicidas de la Sierra Sur"},"content":{"rendered":"\n<p>Redacci\u00f3n\/Zona Roja.<\/p>\n\n\n\n<p>Oaxaca de Ju\u00e1rez, Oax., a 28 de junio de 2023.- &nbsp;La Fiscal\u00eda General del Estado de Oaxaca (FGEO) obtuvo sentencia condenatoria de 40 a\u00f1os de prisi\u00f3n en contra de dos personas del sexo masculino identificadas como R.L.O. y F.L.H., responsables del delito de homicidio calificado con ventaja, cometido en agravio de dos personas del sexo masculino identificados como H.P. y P.M.M.C., en hechos ocurridos en la regi\u00f3n de la Sierra Sur.<\/p>\n\n\n\n<p>De acuerdo con la causa penal, los sucesos ocurrieron el 23 de agosto de 2019, en un domicilio localizado en el municipio de San Marcial Ozolotepec, perteneciente al distrito de Miahuatl\u00e1n, a donde llegaron R.L.O. y F.L.H., quienes portaban armas de fuego, y realizaron disparos contra las v\u00edctimas -P. M. M. C. y H. P.-, los cuales perdieron la vida a consecuencia de dicha agresi\u00f3n.<\/p>\n\n\n\n<p>Ante los hechos, la Vicefiscal\u00eda General de Control Regional atrajo las investigaciones del caso, las cuales permitieron la detenci\u00f3n de R.L.O. y F.L.H., quienes fueron presentados ante el Juez que, luego de evaluar las pruebas aportadas por la FGEO, dict\u00f3 sentencia condenatoria de 40 a\u00f1os de prisi\u00f3n a cada uno de los sentenciados e impuso el pago de m\u00e1s de 424 mil pesos por el concepto de reparaci\u00f3n del da\u00f1o por el delito de homicidio calificado con ventaja.<\/p>\n\n\n\n<p>OTRA SENTENCIA POR VIOLACI\u00d3N<\/p>\n\n\n\n<p>En otro caso, los datos de prueba emanados de las investigaciones de la Fiscal\u00eda General permitieron obtener una sentencia condenatoria de 14 a\u00f1os de prisi\u00f3n contra U. P. J., responsable del delito de Violaci\u00f3n, cometido en agravio de una adolescente de 12 a\u00f1os de edad.<\/p>\n\n\n\n<p>Los hechos ocurrieron el 4 de marzo de 2020, cuando la v\u00edctima sufri\u00f3 la agresi\u00f3n sexual cometida por U. P. J., la cual ocurri\u00f3 en un domicilio particular del municipio de San Juan Bautista Valle Nacional, en la regi\u00f3n de la Cuenca del Papaloapan.<\/p>\n\n\n\n<p>Al tener conocimiento de los hechos, la FGEO inici\u00f3 una investigaci\u00f3n con perspectiva de g\u00e9nero, a cargo de la Vicefiscal\u00eda Regional de la Cuenca, gracias a la cual se obtuvo la orden de aprehensi\u00f3n en contra del imputado.<\/p>\n\n\n\n<p>Luego de presentar las pruebas en contra de U.P.J, el Juez que atiende la causa dict\u00f3 sentencia condenatoria de 14 a\u00f1os de prisi\u00f3n por su responsabilidad en la comisi\u00f3n del delito de Violaci\u00f3n, adem\u00e1s que impuso el pago de una multa y de la reparaci\u00f3n del da\u00f1o en abstracto.<\/p>\n\n\n\n<p>La Fiscal\u00eda de Oaxaca brinda atenci\u00f3n y acompa\u00f1amiento integral para las v\u00edctimas de delitos sexuales, adem\u00e1s que realiza investigaciones especializadas para procurar justicia a favor de las v\u00edctimas.<\/p>\n","protected":false},"excerpt":{"rendered":"<p>Redacci\u00f3n\/Zona Roja. Oaxaca de Ju\u00e1rez, Oax., a 28 de junio de 2023.- &nbsp;La Fiscal\u00eda General&hellip;<\/p>\n","protected":false},"author":2,"featured_media":42250,"comment_status":"closed","ping_status":"open","sticky":false,"template":"","format":"standard","meta":{"_lmt_disableupdate":"","_lmt_disable":"","_jetpack_memberships_contains_paid_content":false,"footnotes":""},"categories":[109,46],"tags":[494],"class_list":["post-56949","post","type-post","status-publish","format-standard","has-post-thumbnail","hentry","category-minuto-a-minuto","category-zona-blanca","tag-fiscalia-general-del-estado-de-oaxaca"],"jetpack_featured_media_url":"https:\/\/zonaroja.com.mx\/wp-content\/uploads\/2022\/06\/Tribunal-sentencia-3.jpeg","jetpack_sharing_enabled":true,"_links":{"self":[{"href":"https:\/\/zonaroja.com.mx\/index.php?rest_route=\/wp\/v2\/posts\/56949","targetHints":{"allow":["GET"]}}],"collection":[{"href":"https:\/\/zonaroja.com.mx\/index.php?rest_route=\/wp\/v2\/posts"}],"about":[{"href":"https:\/\/zonaroja.com.mx\/index.php?rest_route=\/wp\/v2\/types\/post"}],"author":[{"embeddable":true,"href":"https:\/\/zonaroja.com.mx\/index.php?rest_route=\/wp\/v2\/users\/2"}],"replies":[{"embeddable":true,"href":"https:\/\/zonaroja.com.mx\/index.php?rest_route=%2Fwp%2Fv2%2Fcomments&post=56949"}],"version-history":[{"count":1,"href":"https:\/\/zonaroja.com.mx\/index.php?rest_route=\/wp\/v2\/posts\/56949\/revisions"}],"predecessor-version":[{"id":56950,"href":"https:\/\/zonaroja.com.mx\/index.php?rest_route=\/wp\/v2\/posts\/56949\/revisions\/56950"}],"wp:featuredmedia":[{"embeddable":true,"href":"https:\/\/zonaroja.com.mx\/index.php?rest_route=\/wp\/v2\/media\/42250"}],"wp:attachment":[{"href":"https:\/\/zonaroja.com.mx\/index.php?rest_route=%2Fwp%2Fv2%2Fmedia&parent=56949"}],"wp:term":[{"taxonomy":"category","embeddable":true,"href":"https:\/\/zonaroja.com.mx\/index.php?rest_route=%2Fwp%2Fv2%2Fcategories&post=56949"},{"taxonomy":"post_tag","embeddable":true,"href":"https:\/\/zonaroja.com.mx\/index.php?rest_route=%2Fwp%2Fv2%2Ftags&post=56949"}],"curies":[{"name":"wp","href":"https:\/\/api.w.org\/{rel}","templated":true}]}}