{"id":56951,"date":"2023-06-28T10:22:00","date_gmt":"2023-06-28T15:22:00","guid":{"rendered":"http:\/\/www.zonaroja.com.mx\/?p=56951"},"modified":"2023-06-28T08:24:03","modified_gmt":"2023-06-28T13:24:03","slug":"inicia-con-el-pie-izquierdo-coalicion-opositora-a-morena","status":"publish","type":"post","link":"https:\/\/zonaroja.com.mx\/?p=56951","title":{"rendered":"Inicia con el pie izquierdo coalici\u00f3n opositora a Morena"},"content":{"rendered":"\n<p>Redacci\u00f3n\/Zona Roja Cdmx.<\/p>\n\n\n\n<p>Ciudad de M\u00e9xico, a 28 de junio de 2023.- El Frente C\u00edvico Nacional disolvi\u00f3 el Consejo Electoral Ciudadano que hab\u00eda conformado para llevar a cabo las primarias del proceso de selecci\u00f3n del candidato presidencial de la alianza Va por M\u00e9xico, que contender\u00e1 como el Frente Amplio por M\u00e9xico.<\/p>\n\n\n\n<p>Detall\u00f3 que un grupo de personas con conocimientos en materia electoral organizar\u00eda una consulta nacional para conocer la preferencia ciudadana&nbsp;de cara a las elecciones de 2024.<\/p>\n\n\n\n<p>La participaci\u00f3n del Frente C\u00edvico Nacional iba a ser de forma honoraria, con la intenci\u00f3n de privilegiar la pluralidad de visiones y el di\u00e1logo, adem\u00e1s de actuar de forma aut\u00f3noma e independiente.<\/p>\n\n\n\n<p>Sin embargo, expuso, \u201cel esquema bajo el cual se llevar\u00e1 el proceso de consulta ha cambiado respecto de lo originalmente planteado, por lo que el grupo original tom\u00f3 la decisi\u00f3n de disolverse\u201d.<\/p>\n\n\n\n<p>El Frente C\u00edvico argument\u00f3 que la coyuntura pol\u00edtica y construcci\u00f3n de acuerdos lo llev\u00f3 a tomar una decisi\u00f3n distinta y personal respecto a la posibilidad de participar en la consulta nacional.<\/p>\n\n\n\n<p>Los integrantes del Consejo Electoral Ciudadano anunciar\u00e1n en pr\u00f3ximos d\u00edas sus decisiones personales.<\/p>\n\n\n\n<p>(Con informaci\u00f3n de L\u00f3pez-D\u00f3riga Digital)<\/p>\n","protected":false},"excerpt":{"rendered":"<p>Redacci\u00f3n\/Zona Roja Cdmx. Ciudad de M\u00e9xico, a 28 de junio de 2023.- El Frente C\u00edvico&hellip;<\/p>\n","protected":false},"author":2,"featured_media":56953,"comment_status":"closed","ping_status":"open","sticky":false,"template":"","format":"standard","meta":{"_lmt_disableupdate":"","_lmt_disable":"","_jetpack_memberships_contains_paid_content":false,"footnotes":""},"categories":[109,47],"tags":[3594],"class_list":["post-56951","post","type-post","status-publish","format-standard","has-post-thumbnail","hentry","category-minuto-a-minuto","category-zona-gris","tag-frente-civico-nacional"],"jetpack_featured_media_url":"https:\/\/zonaroja.com.mx\/wp-content\/uploads\/2023\/06\/Frente-Civico-Nacional.jpeg","jetpack_sharing_enabled":true,"_links":{"self":[{"href":"https:\/\/zonaroja.com.mx\/index.php?rest_route=\/wp\/v2\/posts\/56951","targetHints":{"allow":["GET"]}}],"collection":[{"href":"https:\/\/zonaroja.com.mx\/index.php?rest_route=\/wp\/v2\/posts"}],"about":[{"href":"https:\/\/zonaroja.com.mx\/index.php?rest_route=\/wp\/v2\/types\/post"}],"author":[{"embeddable":true,"href":"https:\/\/zonaroja.com.mx\/index.php?rest_route=\/wp\/v2\/users\/2"}],"replies":[{"embeddable":true,"href":"https:\/\/zonaroja.com.mx\/index.php?rest_route=%2Fwp%2Fv2%2Fcomments&post=56951"}],"version-history":[{"count":1,"href":"https:\/\/zonaroja.com.mx\/index.php?rest_route=\/wp\/v2\/posts\/56951\/revisions"}],"predecessor-version":[{"id":56954,"href":"https:\/\/zonaroja.com.mx\/index.php?rest_route=\/wp\/v2\/posts\/56951\/revisions\/56954"}],"wp:featuredmedia":[{"embeddable":true,"href":"https:\/\/zonaroja.com.mx\/index.php?rest_route=\/wp\/v2\/media\/56953"}],"wp:attachment":[{"href":"https:\/\/zonaroja.com.mx\/index.php?rest_route=%2Fwp%2Fv2%2Fmedia&parent=56951"}],"wp:term":[{"taxonomy":"category","embeddable":true,"href":"https:\/\/zonaroja.com.mx\/index.php?rest_route=%2Fwp%2Fv2%2Fcategories&post=56951"},{"taxonomy":"post_tag","embeddable":true,"href":"https:\/\/zonaroja.com.mx\/index.php?rest_route=%2Fwp%2Fv2%2Ftags&post=56951"}],"curies":[{"name":"wp","href":"https:\/\/api.w.org\/{rel}","templated":true}]}}