{"id":56962,"date":"2023-06-28T09:22:06","date_gmt":"2023-06-28T14:22:06","guid":{"rendered":"http:\/\/www.zonaroja.com.mx\/?p=56962"},"modified":"2023-06-28T09:22:10","modified_gmt":"2023-06-28T14:22:10","slug":"denuncian-pesima-atencion-del-issste-oaxaca-a-adultos-mayores","status":"publish","type":"post","link":"https:\/\/zonaroja.com.mx\/?p=56962","title":{"rendered":"Denuncian p\u00e9sima atenci\u00f3n del ISSSTE Oaxaca a adultos mayores"},"content":{"rendered":"\n<p>Redacci\u00f3n\/Zona Roja.<\/p>\n\n\n\n<p>Oaxaca de Ju\u00e1rez, Oax., a 28 de junio de 2023.- Familiares de pacientes en el hospital \u201cPresidente Ju\u00e1rez\u201d del ISSSTE en Oaxaca denunciaron irregularidades y p\u00e9sima atenci\u00f3n a los enfermos, en particular a los adultos mayores.<\/p>\n\n\n\n<p>En redes sociales, difundieron un documento en que se\u00f1alaron que el \u00e1rea de urgencias se encuentran 50 camas ocupadas, en donde hay pacientes que llevan 24 y 48 horas sin recibir atenci\u00f3n porque sus enfermedades pueden aguantar un poco.<\/p>\n\n\n\n<p>\u201cMuchos esperan un espacio en quir\u00f3fano, pero la falta de medicamentos y personal los limita solo hay dos enfermeras para atender cada una a 25 pacientes\u201d, difundieron.<\/p>\n\n\n\n<p>Lamentaron que ante los reclamos de los familiares de los pacientes, los m\u00e9dicos solo muestran actitudes hostiles y rega\u00f1an a los familiares.&nbsp;<\/p>\n\n\n\n<p>Se\u00f1alaron que el encargado de la direcci\u00f3n del Hospital Regional \u201cPresidente Benito Ju\u00e1rez\u201d, Emanuel de Jes\u00fas Cort\u00e9s Santiago, no muestra inter\u00e9s y mientras solo dejan deteriorarse a los pacientes, principalmente a los adultos mayores.<\/p>\n\n\n\n<p>\u201cEn pasillo hay por lo menos ocho adultos mayores que como ya son grandes, no les prestan la atenci\u00f3n correspondiente. La respuesta es que ya est\u00e1n grandes y que pronto los atender\u00e1n, pero que no son prioritarios porque hay pacientes m\u00e1s j\u00f3venes\u201d.<\/p>\n","protected":false},"excerpt":{"rendered":"<p>Redacci\u00f3n\/Zona Roja. Oaxaca de Ju\u00e1rez, Oax., a 28 de junio de 2023.- Familiares de pacientes&hellip;<\/p>\n","protected":false},"author":2,"featured_media":56963,"comment_status":"closed","ping_status":"open","sticky":false,"template":"","format":"standard","meta":{"_lmt_disableupdate":"","_lmt_disable":"","_jetpack_memberships_contains_paid_content":false,"footnotes":""},"categories":[109,47],"tags":[1554],"class_list":["post-56962","post","type-post","status-publish","format-standard","has-post-thumbnail","hentry","category-minuto-a-minuto","category-zona-gris","tag-issste-oaxaca"],"jetpack_featured_media_url":"https:\/\/zonaroja.com.mx\/wp-content\/uploads\/2023\/06\/Pesima-atencion-ISSSTE.jpg","jetpack_sharing_enabled":true,"_links":{"self":[{"href":"https:\/\/zonaroja.com.mx\/index.php?rest_route=\/wp\/v2\/posts\/56962","targetHints":{"allow":["GET"]}}],"collection":[{"href":"https:\/\/zonaroja.com.mx\/index.php?rest_route=\/wp\/v2\/posts"}],"about":[{"href":"https:\/\/zonaroja.com.mx\/index.php?rest_route=\/wp\/v2\/types\/post"}],"author":[{"embeddable":true,"href":"https:\/\/zonaroja.com.mx\/index.php?rest_route=\/wp\/v2\/users\/2"}],"replies":[{"embeddable":true,"href":"https:\/\/zonaroja.com.mx\/index.php?rest_route=%2Fwp%2Fv2%2Fcomments&post=56962"}],"version-history":[{"count":1,"href":"https:\/\/zonaroja.com.mx\/index.php?rest_route=\/wp\/v2\/posts\/56962\/revisions"}],"predecessor-version":[{"id":56964,"href":"https:\/\/zonaroja.com.mx\/index.php?rest_route=\/wp\/v2\/posts\/56962\/revisions\/56964"}],"wp:featuredmedia":[{"embeddable":true,"href":"https:\/\/zonaroja.com.mx\/index.php?rest_route=\/wp\/v2\/media\/56963"}],"wp:attachment":[{"href":"https:\/\/zonaroja.com.mx\/index.php?rest_route=%2Fwp%2Fv2%2Fmedia&parent=56962"}],"wp:term":[{"taxonomy":"category","embeddable":true,"href":"https:\/\/zonaroja.com.mx\/index.php?rest_route=%2Fwp%2Fv2%2Fcategories&post=56962"},{"taxonomy":"post_tag","embeddable":true,"href":"https:\/\/zonaroja.com.mx\/index.php?rest_route=%2Fwp%2Fv2%2Ftags&post=56962"}],"curies":[{"name":"wp","href":"https:\/\/api.w.org\/{rel}","templated":true}]}}