{"id":56972,"date":"2023-06-28T20:23:00","date_gmt":"2023-06-29T01:23:00","guid":{"rendered":"http:\/\/www.zonaroja.com.mx\/?p=56972"},"modified":"2023-06-28T19:24:06","modified_gmt":"2023-06-29T00:24:06","slug":"centro-de-informacion-de-justicia-indigena-referente-del-pluralismo-juridico","status":"publish","type":"post","link":"https:\/\/zonaroja.com.mx\/?p=56972","title":{"rendered":"Centro de Informaci\u00f3n de Justicia Ind\u00edgena,\u00a0referente del pluralismo jur\u00eddico"},"content":{"rendered":"\n<p>Redacci\u00f3n\/Zona Roja.&nbsp;<\/p>\n\n\n\n<p>Oaxaca de Ju\u00e1rez, Oax., a 28 de junio de 2023.- Al realizar la presentaci\u00f3n&nbsp;del&nbsp;Centro de Informaci\u00f3n de Justicia Ind\u00edgena&nbsp;(CIJI), el titular del Poder Judicial del Estado, magistrado Eduardo Pinacho S\u00e1nchez, se\u00f1al\u00f3 que se trata de un&nbsp;referente del pluralismo jur\u00eddico a nivel nacional, pues re\u00fane en una misma plataforma digital informaci\u00f3n&nbsp;de sistemas normativos ind\u00edgenas en distintas comunidades de Oaxaca.&nbsp;<\/p>\n\n\n\n<p>Ante el fiscal general del Estado, Bernardo Rodr\u00edguez Alamilla; la defensora de los Derechos Humanos del Pueblo de Oaxaca,&nbsp;Elizabeth Lara Rodr\u00edguez y la directora del Centro de Investigaciones y Estudios Superiores en Antropolog\u00eda Social, Ciesas-Pac\u00edfico Sur, Erica Elena Gonz\u00e1lez Apodaca, se\u00f1al\u00f3 que esta valiosa contribuci\u00f3n a la sociedad,&nbsp;representa un instrumento valioso para fomentar el di\u00e1logo intercultural y la salvaguarda del patrimonio jur\u00eddico de los pueblos y comunidades ind\u00edgenas.&nbsp;<\/p>\n\n\n\n<p>\u201cCon la apertura del CIJI avanzamos en la digitalizaci\u00f3n de los acervos judiciales, pero tambi\u00e9n integramos un instrumento \u00fatil para que impartidores de justicia, investigadores, acad\u00e9micos y el p\u00fablico en general, accedan a los expedientes y puedan valorar los criterios judiciales a la luz de informaci\u00f3n complementaria, derivada de asuntos que ha conocido la Sala de Justicia Ind\u00edgena\u201d, puntualiz\u00f3.<\/p>\n\n\n\n<p>En el marco de la presentaci\u00f3n,&nbsp;el magistrado Luis Enrique Cordero Aguilar, presidente de la Sala de Justicia Ind\u00edgena,&nbsp;abord\u00f3 la importancia de ese Centro, la dimensi\u00f3n de su funcionamiento,&nbsp;la visi\u00f3n multidisciplinaria del proyecto&nbsp;y&nbsp;los casos contenidos. Asimismo, se realiz\u00f3&nbsp;un&nbsp;panel con la participaci\u00f3n de destacados especialistas en la materia.&nbsp;<\/p>\n\n\n\n<p>La plataforma se puede consultar en el enlace&nbsp;www.justiciaindigenaoaxaca.mx&nbsp;y fue desarrollada en colaboraci\u00f3n con&nbsp;el Instituto Nacional de Pueblos Ind\u00edgenas, a trav\u00e9s de los proyectos Pluralismo Jur\u00eddico y Acceso a la Justicia en 2022 y el de Pluralismo jur\u00eddico y el quehacer judicial en 2023.<\/p>\n","protected":false},"excerpt":{"rendered":"<p>Redacci\u00f3n\/Zona Roja.&nbsp; Oaxaca de Ju\u00e1rez, Oax., a 28 de junio de 2023.- Al realizar la&hellip;<\/p>\n","protected":false},"author":2,"featured_media":56968,"comment_status":"closed","ping_status":"open","sticky":false,"template":"","format":"standard","meta":{"_lmt_disableupdate":"","_lmt_disable":"","_jetpack_memberships_contains_paid_content":false,"footnotes":""},"categories":[109,46],"tags":[223],"class_list":["post-56972","post","type-post","status-publish","format-standard","has-post-thumbnail","hentry","category-minuto-a-minuto","category-zona-blanca","tag-poder-judicial-de-oaxaca"],"jetpack_featured_media_url":"https:\/\/zonaroja.com.mx\/wp-content\/uploads\/2023\/06\/La-novedosa-plataforma-digital-reune-informacion-de-sistemas-normativos-indigenas.jpg","jetpack_sharing_enabled":true,"_links":{"self":[{"href":"https:\/\/zonaroja.com.mx\/index.php?rest_route=\/wp\/v2\/posts\/56972","targetHints":{"allow":["GET"]}}],"collection":[{"href":"https:\/\/zonaroja.com.mx\/index.php?rest_route=\/wp\/v2\/posts"}],"about":[{"href":"https:\/\/zonaroja.com.mx\/index.php?rest_route=\/wp\/v2\/types\/post"}],"author":[{"embeddable":true,"href":"https:\/\/zonaroja.com.mx\/index.php?rest_route=\/wp\/v2\/users\/2"}],"replies":[{"embeddable":true,"href":"https:\/\/zonaroja.com.mx\/index.php?rest_route=%2Fwp%2Fv2%2Fcomments&post=56972"}],"version-history":[{"count":1,"href":"https:\/\/zonaroja.com.mx\/index.php?rest_route=\/wp\/v2\/posts\/56972\/revisions"}],"predecessor-version":[{"id":56973,"href":"https:\/\/zonaroja.com.mx\/index.php?rest_route=\/wp\/v2\/posts\/56972\/revisions\/56973"}],"wp:featuredmedia":[{"embeddable":true,"href":"https:\/\/zonaroja.com.mx\/index.php?rest_route=\/wp\/v2\/media\/56968"}],"wp:attachment":[{"href":"https:\/\/zonaroja.com.mx\/index.php?rest_route=%2Fwp%2Fv2%2Fmedia&parent=56972"}],"wp:term":[{"taxonomy":"category","embeddable":true,"href":"https:\/\/zonaroja.com.mx\/index.php?rest_route=%2Fwp%2Fv2%2Fcategories&post=56972"},{"taxonomy":"post_tag","embeddable":true,"href":"https:\/\/zonaroja.com.mx\/index.php?rest_route=%2Fwp%2Fv2%2Ftags&post=56972"}],"curies":[{"name":"wp","href":"https:\/\/api.w.org\/{rel}","templated":true}]}}