{"id":56974,"date":"2023-06-28T19:24:45","date_gmt":"2023-06-29T00:24:45","guid":{"rendered":"http:\/\/www.zonaroja.com.mx\/?p=56974"},"modified":"2023-06-28T19:24:47","modified_gmt":"2023-06-29T00:24:47","slug":"sindicalizados-paran-labores-y-cierran-hospitales-de-la-cuenca","status":"publish","type":"post","link":"https:\/\/zonaroja.com.mx\/?p=56974","title":{"rendered":"Sindicalizados paran labores y cierran hospitales de la Cuenca\u00a0"},"content":{"rendered":"\n<p>Ismael Garc\u00eda M.\/Zona Roja.<\/p>\n\n\n\n<p>Oaxaca de Ju\u00e1rez, Oax., a 28 de junio de 2023.- Afiliados a la Secci\u00f3n 35 del Sindicato Nacional de Trabajadores de la Secretar\u00eda de Salud pararon labores en al menos tres hospitales de la regi\u00f3n Cuenca de Oaxaca.<\/p>\n\n\n\n<p>Lo anterior, ante el incumplimiento a los acuerdos convenidos con los Servicios de Salud de Oaxaca (SSO), que preside Alma Lilia Velasco Hern\u00e1ndez; el paro prev\u00e9n sea por lapso indefinido, en nosocomios de San Juan Bautista Tuxtepec, San Juan Bautista Nacional y San Miguel Soyaltepec, conocido tambi\u00e9n como Temascal.<\/p>\n\n\n\n<p>De acuerdo con los trabajadores, \u00fanicamente se permitir\u00e1n servicios de urgencia, as\u00ed como intervenciones quir\u00fargicas ya programadas, hasta en tanto la autoridad del Gobierno del Estado atienda las peticiones.<\/p>\n\n\n\n<p>No obstante, no han especificado cu\u00e1les son esos acuerdos pendientes de cumplir por parte de los Servicios de Salud, pues la dirigencia estatal que encabeza Omar Pacheco no ha emitido ninguna informaci\u00f3n al respecto.<\/p>\n\n\n\n<p>En tanto, hasta el momento el resto de las cl\u00ednicas y hospitales de las dem\u00e1s jurisdicciones sanitarias contin\u00faan laborando con normalidad.<\/p>\n","protected":false},"excerpt":{"rendered":"<p>Ismael Garc\u00eda M.\/Zona Roja. Oaxaca de Ju\u00e1rez, Oax., a 28 de junio de 2023.- Afiliados&hellip;<\/p>\n","protected":false},"author":2,"featured_media":56969,"comment_status":"closed","ping_status":"open","sticky":false,"template":"","format":"standard","meta":{"_lmt_disableupdate":"","_lmt_disable":"","_jetpack_memberships_contains_paid_content":false,"footnotes":""},"categories":[109,47],"tags":[1005],"class_list":["post-56974","post","type-post","status-publish","format-standard","has-post-thumbnail","hentry","category-minuto-a-minuto","category-zona-gris","tag-servicios-de-salud-de-oaxaca-sso"],"jetpack_featured_media_url":"https:\/\/zonaroja.com.mx\/wp-content\/uploads\/2023\/06\/Paro-de-labores-Tuxtepec-SSO-Salud.jpg","jetpack_sharing_enabled":true,"_links":{"self":[{"href":"https:\/\/zonaroja.com.mx\/index.php?rest_route=\/wp\/v2\/posts\/56974","targetHints":{"allow":["GET"]}}],"collection":[{"href":"https:\/\/zonaroja.com.mx\/index.php?rest_route=\/wp\/v2\/posts"}],"about":[{"href":"https:\/\/zonaroja.com.mx\/index.php?rest_route=\/wp\/v2\/types\/post"}],"author":[{"embeddable":true,"href":"https:\/\/zonaroja.com.mx\/index.php?rest_route=\/wp\/v2\/users\/2"}],"replies":[{"embeddable":true,"href":"https:\/\/zonaroja.com.mx\/index.php?rest_route=%2Fwp%2Fv2%2Fcomments&post=56974"}],"version-history":[{"count":1,"href":"https:\/\/zonaroja.com.mx\/index.php?rest_route=\/wp\/v2\/posts\/56974\/revisions"}],"predecessor-version":[{"id":56975,"href":"https:\/\/zonaroja.com.mx\/index.php?rest_route=\/wp\/v2\/posts\/56974\/revisions\/56975"}],"wp:featuredmedia":[{"embeddable":true,"href":"https:\/\/zonaroja.com.mx\/index.php?rest_route=\/wp\/v2\/media\/56969"}],"wp:attachment":[{"href":"https:\/\/zonaroja.com.mx\/index.php?rest_route=%2Fwp%2Fv2%2Fmedia&parent=56974"}],"wp:term":[{"taxonomy":"category","embeddable":true,"href":"https:\/\/zonaroja.com.mx\/index.php?rest_route=%2Fwp%2Fv2%2Fcategories&post=56974"},{"taxonomy":"post_tag","embeddable":true,"href":"https:\/\/zonaroja.com.mx\/index.php?rest_route=%2Fwp%2Fv2%2Ftags&post=56974"}],"curies":[{"name":"wp","href":"https:\/\/api.w.org\/{rel}","templated":true}]}}