{"id":56976,"date":"2023-06-28T19:25:30","date_gmt":"2023-06-29T00:25:30","guid":{"rendered":"http:\/\/www.zonaroja.com.mx\/?p=56976"},"modified":"2023-06-28T19:25:31","modified_gmt":"2023-06-29T00:25:31","slug":"mientras-gobierno-da-conferencia-de-seguridad-ejecutan-a-otro-en-oaxaca","status":"publish","type":"post","link":"https:\/\/zonaroja.com.mx\/?p=56976","title":{"rendered":"Mientras gobierno da conferencia de seguridad, ejecutan a otro en Oaxaca"},"content":{"rendered":"\n<p>Redacci\u00f3n\/Zona Roja.<\/p>\n\n\n\n<p>Oaxaca de Ju\u00e1rez, Oax., a 28 de junio de 2023.- Mientras autoridades del gobierno de Oaxaca daban su conferencia de prensa semanal en materia de seguridad, en la regi\u00f3n del Istmo de Tehuantepec, fue ejecutada una persona del sexo masculino.<\/p>\n\n\n\n<p>Ocurri\u00f3 durante la ma\u00f1ana de este mi\u00e9rcoles en la Octava Secci\u00f3n de la ciudad de Juchit\u00e1n de Zaragoza, donde fue ultimado a balazos un individuo que se transportaba en una motocicleta.<\/p>\n\n\n\n<p>La v\u00edctima fue identificada de manera preliminar como Daniel G. N., de aproximadamente 36 a\u00f1os de edad, a quien adem\u00e1s le dejaron una cartulina con un presunto \u201cnarcomensaje\u201d.<\/p>\n\n\n\n<p>El cuerpo qued\u00f3 frente al templo del Sagrado Coraz\u00f3n de Jes\u00fas y presenta al menos ocho impactos de bala de arma de grueso calibre.<\/p>\n\n\n\n<p>A falta de vigilancia policiaca estatal y municipal, los familiares del occiso arribaron de inmediato y se llevaron el cuerpo, lo que complic\u00f3 las labores periciales por parte de la Vicefiscal\u00eda Regional del Istmo.<\/p>\n","protected":false},"excerpt":{"rendered":"<p>Redacci\u00f3n\/Zona Roja. Oaxaca de Ju\u00e1rez, Oax., a 28 de junio de 2023.- Mientras autoridades del&hellip;<\/p>\n","protected":false},"author":2,"featured_media":56967,"comment_status":"closed","ping_status":"open","sticky":false,"template":"","format":"standard","meta":{"_lmt_disableupdate":"","_lmt_disable":"","_jetpack_memberships_contains_paid_content":false,"footnotes":""},"categories":[109,51],"tags":[123],"class_list":["post-56976","post","type-post","status-publish","format-standard","has-post-thumbnail","hentry","category-minuto-a-minuto","category-zona-roja","tag-juchitan-de-zaragoza"],"jetpack_featured_media_url":"https:\/\/zonaroja.com.mx\/wp-content\/uploads\/2023\/06\/Ejecutado-Juchitan-Oaxaca.jpeg","jetpack_sharing_enabled":true,"_links":{"self":[{"href":"https:\/\/zonaroja.com.mx\/index.php?rest_route=\/wp\/v2\/posts\/56976","targetHints":{"allow":["GET"]}}],"collection":[{"href":"https:\/\/zonaroja.com.mx\/index.php?rest_route=\/wp\/v2\/posts"}],"about":[{"href":"https:\/\/zonaroja.com.mx\/index.php?rest_route=\/wp\/v2\/types\/post"}],"author":[{"embeddable":true,"href":"https:\/\/zonaroja.com.mx\/index.php?rest_route=\/wp\/v2\/users\/2"}],"replies":[{"embeddable":true,"href":"https:\/\/zonaroja.com.mx\/index.php?rest_route=%2Fwp%2Fv2%2Fcomments&post=56976"}],"version-history":[{"count":1,"href":"https:\/\/zonaroja.com.mx\/index.php?rest_route=\/wp\/v2\/posts\/56976\/revisions"}],"predecessor-version":[{"id":56977,"href":"https:\/\/zonaroja.com.mx\/index.php?rest_route=\/wp\/v2\/posts\/56976\/revisions\/56977"}],"wp:featuredmedia":[{"embeddable":true,"href":"https:\/\/zonaroja.com.mx\/index.php?rest_route=\/wp\/v2\/media\/56967"}],"wp:attachment":[{"href":"https:\/\/zonaroja.com.mx\/index.php?rest_route=%2Fwp%2Fv2%2Fmedia&parent=56976"}],"wp:term":[{"taxonomy":"category","embeddable":true,"href":"https:\/\/zonaroja.com.mx\/index.php?rest_route=%2Fwp%2Fv2%2Fcategories&post=56976"},{"taxonomy":"post_tag","embeddable":true,"href":"https:\/\/zonaroja.com.mx\/index.php?rest_route=%2Fwp%2Fv2%2Ftags&post=56976"}],"curies":[{"name":"wp","href":"https:\/\/api.w.org\/{rel}","templated":true}]}}