{"id":56980,"date":"2023-06-29T08:25:01","date_gmt":"2023-06-29T13:25:01","guid":{"rendered":"http:\/\/www.zonaroja.com.mx\/?p=56980"},"modified":"2023-06-29T08:25:04","modified_gmt":"2023-06-29T13:25:04","slug":"buscan-en-xoxocotlan-proteccion-vial-a-los-transeuntes","status":"publish","type":"post","link":"https:\/\/zonaroja.com.mx\/?p=56980","title":{"rendered":"Buscan en Xoxocotl\u00e1n protecci\u00f3n vial a los transe\u00fantes"},"content":{"rendered":"\n<p>Redacci\u00f3n\/Zona Roja.<\/p>\n\n\n\n<p>Oaxaca de Ju\u00e1rez, Oax., a 29 de junio de 2023.- El presidente municipal de Santa Cruz Xoxocotl\u00e1n, Inocente Castellanos Alejos, recibi\u00f3 este mi\u00e9rcoles a las y los integrantes del Consejo Estatal para la Prevenci\u00f3n de Accidentes (Coepra), quienes celebraron aqu\u00ed la Tercera Reuni\u00f3n del Observatorio Estatal de Lesiones y Alcoholimetr\u00eda.<\/p>\n\n\n\n<p>La reuni\u00f3n donde participan diversas instituciones de los gobiernos de la entidad y municipales, tuvo como objetivo analizar los avances de cada instituci\u00f3n en las estrategias que se ejecutan, para disminuir los riesgos por accidentes viales.<\/p>\n\n\n\n<p>En su mensaje de bienvenida, el edil xoxe\u00f1o destac\u00f3 la disposici\u00f3n e inter\u00e9s de su gobierno para involucrarse en toda tarea dirigida a la protecci\u00f3n de la poblaci\u00f3n, sobre todo, ante las cifras que se registran por accidentes viales en Oaxaca, que en \u00faltimo a\u00f1o es en promedio de tres mil.<\/p>\n\n\n\n<p>\u201cEsos datos nos obligan a reflexionar y crear m\u00e9todos efectivos que ayuden a la disminuci\u00f3n de afectaciones por accidentes viales. En esta tarea es indudable que debe participar activamente la sociedad y ah\u00ed es donde debemos enfocarnos, en incentivar, concientizar e involucrar a la poblaci\u00f3n para lograr mayores y mejores resultados\u201d, dijo.<\/p>\n\n\n\n<p>El doctor \u201cChente\u201d Castellanos se\u00f1al\u00f3 que la educaci\u00f3n vial es una herramienta fundamental para contrarrestar los riesgos por hechos de tr\u00e1nsito, pero, &nbsp;involucrar a la sociedad de manera m\u00e1s efectiva en las tareas preventivas, es indispensable para que se alcancen los objetivos.<\/p>\n\n\n\n<p>OPERATIVOS POSITIVOS<\/p>\n\n\n\n<p>En el acto, a trav\u00e9s de la Comisar\u00eda de Vialidad, el mun\u00edcipe present\u00f3 los resultados semestrales de las tareas preventivas que se realizan en su administraci\u00f3n y en las que se refleja una progresiva disminuci\u00f3n.<\/p>\n\n\n\n<p>Al respecto, se detall\u00f3 la implementaci\u00f3n de operativos en instituciones educativas e intersecciones, ferias de prevenci\u00f3n de accidentes, as\u00ed como los dispositivos de alcoholimetr\u00eda que se ubican en diferentes puntos de la poblaci\u00f3n en los que, de enero a mayo, se aplicaron 305 pruebas de las cuales, 231 resultaron positivas.<\/p>\n\n\n\n<p>En ese mismo periodo, en Xoxocotl\u00e1n se registraron 302 hechos de tr\u00e1nsito, de los que un solo caso fue de consecuencias fatales, en tanto, en el 80% de los accidentes los involucrados llegaron a acuerdos.<\/p>\n\n\n\n<p>En el evento, el titular de la Direcci\u00f3n General de la Polic\u00eda Vial del Estado de Oaxaca, Toribio L\u00f3pez S\u00e1nchez, anunci\u00f3 que en breve, se instalar\u00e1 una mesa especial donde participar\u00e1n las autoridades de la zona metropolitana, a fin de buscar alternativas emergentes para resolver la problem\u00e1tica vial que se presenta por las condiciones de los sem\u00e1foros en diferentes zonas.<\/p>\n","protected":false},"excerpt":{"rendered":"<p>Redacci\u00f3n\/Zona Roja. Oaxaca de Ju\u00e1rez, Oax., a 29 de junio de 2023.- El presidente municipal&hellip;<\/p>\n","protected":false},"author":2,"featured_media":56981,"comment_status":"closed","ping_status":"open","sticky":false,"template":"","format":"standard","meta":{"_lmt_disableupdate":"","_lmt_disable":"","_jetpack_memberships_contains_paid_content":false,"footnotes":""},"categories":[109,46],"tags":[133],"class_list":["post-56980","post","type-post","status-publish","format-standard","has-post-thumbnail","hentry","category-minuto-a-minuto","category-zona-blanca","tag-santa-cruz-xoxocotlan"],"jetpack_featured_media_url":"https:\/\/zonaroja.com.mx\/wp-content\/uploads\/2023\/06\/Reunion-vial-Xoxocotlan.jpg","jetpack_sharing_enabled":true,"_links":{"self":[{"href":"https:\/\/zonaroja.com.mx\/index.php?rest_route=\/wp\/v2\/posts\/56980","targetHints":{"allow":["GET"]}}],"collection":[{"href":"https:\/\/zonaroja.com.mx\/index.php?rest_route=\/wp\/v2\/posts"}],"about":[{"href":"https:\/\/zonaroja.com.mx\/index.php?rest_route=\/wp\/v2\/types\/post"}],"author":[{"embeddable":true,"href":"https:\/\/zonaroja.com.mx\/index.php?rest_route=\/wp\/v2\/users\/2"}],"replies":[{"embeddable":true,"href":"https:\/\/zonaroja.com.mx\/index.php?rest_route=%2Fwp%2Fv2%2Fcomments&post=56980"}],"version-history":[{"count":1,"href":"https:\/\/zonaroja.com.mx\/index.php?rest_route=\/wp\/v2\/posts\/56980\/revisions"}],"predecessor-version":[{"id":56982,"href":"https:\/\/zonaroja.com.mx\/index.php?rest_route=\/wp\/v2\/posts\/56980\/revisions\/56982"}],"wp:featuredmedia":[{"embeddable":true,"href":"https:\/\/zonaroja.com.mx\/index.php?rest_route=\/wp\/v2\/media\/56981"}],"wp:attachment":[{"href":"https:\/\/zonaroja.com.mx\/index.php?rest_route=%2Fwp%2Fv2%2Fmedia&parent=56980"}],"wp:term":[{"taxonomy":"category","embeddable":true,"href":"https:\/\/zonaroja.com.mx\/index.php?rest_route=%2Fwp%2Fv2%2Fcategories&post=56980"},{"taxonomy":"post_tag","embeddable":true,"href":"https:\/\/zonaroja.com.mx\/index.php?rest_route=%2Fwp%2Fv2%2Ftags&post=56980"}],"curies":[{"name":"wp","href":"https:\/\/api.w.org\/{rel}","templated":true}]}}