{"id":56983,"date":"2023-06-29T08:27:25","date_gmt":"2023-06-29T13:27:25","guid":{"rendered":"http:\/\/www.zonaroja.com.mx\/?p=56983"},"modified":"2023-06-29T08:27:28","modified_gmt":"2023-06-29T13:27:28","slug":"chocan-sicarios-de-los-carteles-de-sinaloa-y-juarez-ocho-muertos","status":"publish","type":"post","link":"https:\/\/zonaroja.com.mx\/?p=56983","title":{"rendered":"Chocan sicarios de los c\u00e1rteles de Sinaloa y Ju\u00e1rez; ocho muertos"},"content":{"rendered":"\n<p>Redacci\u00f3n\/Zona Roja Cdmx.<\/p>\n\n\n\n<p>Ciudad de M\u00e9xico, a 29 de junio de 2023.- Ocho presuntos integrantes del grupo delictivo \u201cGente Nueva\u201d del c\u00e1rtel de Sinaloa fueron asesinados en un enfrentamiento con miembros de La L\u00ednea, brazo armado del c\u00e1rtel de Ju\u00e1rez, la tarde del mi\u00e9rcoles en el municipio de Guachochi, en la sierra Tarahumara de Chihuahua.<\/p>\n\n\n\n<p>La Fiscal\u00eda General de la Zona Occidente indic\u00f3 que cuatro de los ocho sicarios estaban calcinados. Extraoficialmente se dijo que entre los difuntos est\u00e1 Melquiades D. M., alias El Chapo Cal\u00edn, cabecilla de c\u00e1rtel de Sinaloa en Guachochi.<\/p>\n\n\n\n<p>La refriega se suscit\u00f3 alrededor de las 14 horas cerca del relleno sanitario de dicho municipio. Adem\u00e1s, el grupo de hombres muertos era parte de la escolta personal de \u201cEl Chapo Cal\u00edn\u201d.<\/p>\n\n\n\n<p>El presunto l\u00edder abatido ejerc\u00eda el control de la zona con mucha violencia y era el sucesor en la regi\u00f3n de Jos\u00e9 Noriel Portillo Gil, alias \u201cEl Chueco\u201d, homicida de dos sacerdotes jesuitas en esa regi\u00f3n de la Tarahumara en 2022, localizado sin vida hace cinco meses.<\/p>\n\n\n\n<p>Vecinos de la zona reportaron una fuerte balacera en caminos de terracer\u00eda rumbo al relleno sanitario, donde vieron el humo de autos quemados. Fuerzas estatales y federales encontraron cuatro unidades, tres de ellas incineradas, y armas largas tipo AK-47.<\/p>\n\n\n\n<p>ATAQUE EN GUANAJUATO<\/p>\n\n\n\n<p>En Guanajuato, tres polic\u00edas del municipio de Celaya fueron atacados a balazos por presuntos miembros del c\u00e1rtel de Santa Rosa de Lima la tarde del martes. Los uniformados, entre ellos una mujer, perecieron.<\/p>\n\n\n\n<p>El primer ataque se perpetr\u00f3 en la caseta de seguridad de la colonia Rosa Linda; ah\u00ed muri\u00f3 la polic\u00eda auxiliar Soledad Galv\u00e1n. Una segunda agresi\u00f3n se cometi\u00f3 en la colonia Los Olivos a las 20 horas, cuando dos polic\u00edas cenaban en un puesto de tacos. Tres civiles resultaron heridos. En este a\u00f1o, 14 oficiales han sido asesinados. Seis eran mujeres.<\/p>\n\n\n\n<p>En un operativo conjunto, autoridades federales y locales localizaron a los polic\u00edas municipales de Taxco, Guerrero, privados de la libertad desde el pasado 21 de junio, dio a conocer la titular de la Secretar\u00eda de Seguridad y Protecci\u00f3n Ciudadana federal, Rosa Icela Rodr\u00edguez.<\/p>\n\n\n\n<p>Los siete elementos secuestrados presuntamente por integrantes del grupo criminal La familia michoacana fueron encontrados la ma\u00f1ana de ayer en las inmediaciones de la iglesia de la comunidad de Cacalotenango.<\/p>\n\n\n\n<p>(Informaci\u00f3n de \u201cLa Jornada\u201d)<\/p>\n","protected":false},"excerpt":{"rendered":"<p>Redacci\u00f3n\/Zona Roja Cdmx. Ciudad de M\u00e9xico, a 29 de junio de 2023.- Ocho presuntos integrantes&hellip;<\/p>\n","protected":false},"author":2,"featured_media":52455,"comment_status":"closed","ping_status":"open","sticky":false,"template":"","format":"standard","meta":{"_lmt_disableupdate":"","_lmt_disable":"","_jetpack_memberships_contains_paid_content":false,"footnotes":""},"categories":[109,51],"tags":[1746],"class_list":["post-56983","post","type-post","status-publish","format-standard","has-post-thumbnail","hentry","category-minuto-a-minuto","category-zona-roja","tag-violencia-en-mexico"],"jetpack_featured_media_url":"https:\/\/zonaroja.com.mx\/wp-content\/uploads\/2023\/03\/Escena-crimen-asesinato-violencia.jpg","jetpack_sharing_enabled":true,"_links":{"self":[{"href":"https:\/\/zonaroja.com.mx\/index.php?rest_route=\/wp\/v2\/posts\/56983","targetHints":{"allow":["GET"]}}],"collection":[{"href":"https:\/\/zonaroja.com.mx\/index.php?rest_route=\/wp\/v2\/posts"}],"about":[{"href":"https:\/\/zonaroja.com.mx\/index.php?rest_route=\/wp\/v2\/types\/post"}],"author":[{"embeddable":true,"href":"https:\/\/zonaroja.com.mx\/index.php?rest_route=\/wp\/v2\/users\/2"}],"replies":[{"embeddable":true,"href":"https:\/\/zonaroja.com.mx\/index.php?rest_route=%2Fwp%2Fv2%2Fcomments&post=56983"}],"version-history":[{"count":1,"href":"https:\/\/zonaroja.com.mx\/index.php?rest_route=\/wp\/v2\/posts\/56983\/revisions"}],"predecessor-version":[{"id":56984,"href":"https:\/\/zonaroja.com.mx\/index.php?rest_route=\/wp\/v2\/posts\/56983\/revisions\/56984"}],"wp:featuredmedia":[{"embeddable":true,"href":"https:\/\/zonaroja.com.mx\/index.php?rest_route=\/wp\/v2\/media\/52455"}],"wp:attachment":[{"href":"https:\/\/zonaroja.com.mx\/index.php?rest_route=%2Fwp%2Fv2%2Fmedia&parent=56983"}],"wp:term":[{"taxonomy":"category","embeddable":true,"href":"https:\/\/zonaroja.com.mx\/index.php?rest_route=%2Fwp%2Fv2%2Fcategories&post=56983"},{"taxonomy":"post_tag","embeddable":true,"href":"https:\/\/zonaroja.com.mx\/index.php?rest_route=%2Fwp%2Fv2%2Ftags&post=56983"}],"curies":[{"name":"wp","href":"https:\/\/api.w.org\/{rel}","templated":true}]}}