{"id":56985,"date":"2023-06-29T10:27:00","date_gmt":"2023-06-29T15:27:00","guid":{"rendered":"http:\/\/www.zonaroja.com.mx\/?p=56985"},"modified":"2023-06-29T08:28:47","modified_gmt":"2023-06-29T13:28:47","slug":"va-por-tercer-dia-secuestro-de-funcionarios-en-chiapas-y-esto-es-lo-que-piden","status":"publish","type":"post","link":"https:\/\/zonaroja.com.mx\/?p=56985","title":{"rendered":"Va por tercer d\u00eda secuestro de funcionarios en Chiapas y esto es lo que piden"},"content":{"rendered":"\n<p>Redacci\u00f3n\/Zona Roja Cdmx.<\/p>\n\n\n\n<p>Ciudad de M\u00e9xico, a 29 de junio de 2023.- Luego que se que se dio a conocer el secuestro de 16 trabajadores de la Secretar\u00eda de Seguridad y Protecci\u00f3n Ciudadana (SSyPC) de Chiapas, circularon varios videos donde se explica qu\u00e9 quieren los plagiarios, destacando el nombre de Nayeli Cyrene Cinco Mart\u00ednez.<\/p>\n\n\n\n<p>\u201cNo queremos tener problemas con ustedes. Solo queremos a Nayeli. Tendr\u00e1 como plazo hoy [28 de junio] a las 23:00 horas, para tener respuesta de parte de los funcionarios de la Secretar\u00eda de Seguridad P\u00fablica de Chiapas, de lo contrario tomaremos otras medidas\u201d, dijo uno de los criminales en una grabaci\u00f3n.<\/p>\n\n\n\n<p>El sujeto se refer\u00eda a la cantante Nayeli Cinco, quien fue secuestrada el pasado 22 de junio por un grupo armado que irrumpi\u00f3 en su domicilio, localizado en el fraccionamiento Santa Clara en Tuxtla Guti\u00e9rrez.<\/p>\n\n\n\n<p>Trascendi\u00f3 que un comando se la llev\u00f3 por la fuerza, a pesar de que intent\u00f3 huir brincando por los techos de la zona con sus hijas. Para tal efecto, los sujetos amagaron al guardia de seguridad privada del fraccionamiento, quien levant\u00f3 la pluma de acceso.<\/p>\n\n\n\n<p>La joven de 30 a\u00f1os de edad se dedicaba a cantar en establecimientos localizados en Tuxtla para ganarse el sustento. Tambi\u00e9n tiene dos hijas.<\/p>\n\n\n\n<p>La desaparici\u00f3n de Nayeli fue denunciada por sus padres, quienes la vieron por \u00faltima vez a las 18:30 horas del pasado 22 de junio, desconociendo su paradero. Por lo anterior, las autoridades activaron el Protocolo Alba para su localizaci\u00f3n.<\/p>\n\n\n\n<p>En uno de los videos que este 28 de junio circul\u00f3 en redes sociales se escucha a uno de los hombres pedir que sea entregada Nayeli Cinco, quien posiblemente fue secuestrada por orden de \u201cEl Pulseras\u201d, jefe de plaza del C\u00e1rtel de Sinaloa.<\/p>\n\n\n\n<p>\u201cQue le digan a su jefe \u2018El Pulseras\u2019 que entregue a la persona que tiene secuestrada, ella no tiene nada que ver, al igual que nosotros, y no tenemos que pagar justos por pecadores, por favor, por favor, no tenemos que pagar justos por pecadores\u201d, dijo uno de los trabajadores privados de la libertad.<\/p>\n\n\n\n<p>Adem\u00e1s, dijo que una de las exigencias de los criminales que los secuestraron era que renunciaran Francisco Orantes Abad\u00eda, subsecretario de Seguridad P\u00fablica, Roberto Yahir Hern\u00e1ndez Ter\u00e1n, director de la Polic\u00eda Estatal Preventiva y Marco Antonio Burguete Ramos, director de la Polic\u00eda Estatal Fronteriza, quienes presuntamente est\u00e1n coludidos con \u201cEl Pulseras\u201d.<\/p>\n\n\n\n<p>A trav\u00e9s de redes sociales, circularon varios videos en los que se observan a los empleados siendo sometidos dentro de lo que parece ser una vivienda en obra negra. En una de las grabaciones, uno de los sujetos armados explica la situaci\u00f3n, asegurando que daban como tiempo l\u00edmite las 11 de la noche de este mi\u00e9rcoles 28 de junio para que fueran atendidas sus exigencias, plazo que venci\u00f3 y a\u00fan no hay respuestas.<\/p>\n\n\n\n<p>(Informaci\u00f3n de Infobae M\u00e9xico)<\/p>\n","protected":false},"excerpt":{"rendered":"<p>Redacci\u00f3n\/Zona Roja Cdmx. Ciudad de M\u00e9xico, a 29 de junio de 2023.- Luego que se&hellip;<\/p>\n","protected":false},"author":2,"featured_media":56986,"comment_status":"closed","ping_status":"open","sticky":false,"template":"","format":"standard","meta":{"_lmt_disableupdate":"","_lmt_disable":"","_jetpack_memberships_contains_paid_content":false,"footnotes":""},"categories":[109,47],"tags":[1201],"class_list":["post-56985","post","type-post","status-publish","format-standard","has-post-thumbnail","hentry","category-minuto-a-minuto","category-zona-gris","tag-chiapas"],"jetpack_featured_media_url":"https:\/\/zonaroja.com.mx\/wp-content\/uploads\/2023\/06\/Secuestrados-funcionarios-Chiapas.jpeg","jetpack_sharing_enabled":true,"_links":{"self":[{"href":"https:\/\/zonaroja.com.mx\/index.php?rest_route=\/wp\/v2\/posts\/56985","targetHints":{"allow":["GET"]}}],"collection":[{"href":"https:\/\/zonaroja.com.mx\/index.php?rest_route=\/wp\/v2\/posts"}],"about":[{"href":"https:\/\/zonaroja.com.mx\/index.php?rest_route=\/wp\/v2\/types\/post"}],"author":[{"embeddable":true,"href":"https:\/\/zonaroja.com.mx\/index.php?rest_route=\/wp\/v2\/users\/2"}],"replies":[{"embeddable":true,"href":"https:\/\/zonaroja.com.mx\/index.php?rest_route=%2Fwp%2Fv2%2Fcomments&post=56985"}],"version-history":[{"count":1,"href":"https:\/\/zonaroja.com.mx\/index.php?rest_route=\/wp\/v2\/posts\/56985\/revisions"}],"predecessor-version":[{"id":56987,"href":"https:\/\/zonaroja.com.mx\/index.php?rest_route=\/wp\/v2\/posts\/56985\/revisions\/56987"}],"wp:featuredmedia":[{"embeddable":true,"href":"https:\/\/zonaroja.com.mx\/index.php?rest_route=\/wp\/v2\/media\/56986"}],"wp:attachment":[{"href":"https:\/\/zonaroja.com.mx\/index.php?rest_route=%2Fwp%2Fv2%2Fmedia&parent=56985"}],"wp:term":[{"taxonomy":"category","embeddable":true,"href":"https:\/\/zonaroja.com.mx\/index.php?rest_route=%2Fwp%2Fv2%2Fcategories&post=56985"},{"taxonomy":"post_tag","embeddable":true,"href":"https:\/\/zonaroja.com.mx\/index.php?rest_route=%2Fwp%2Fv2%2Ftags&post=56985"}],"curies":[{"name":"wp","href":"https:\/\/api.w.org\/{rel}","templated":true}]}}