{"id":56997,"date":"2023-06-29T15:36:00","date_gmt":"2023-06-29T20:36:00","guid":{"rendered":"http:\/\/www.zonaroja.com.mx\/?p=56997"},"modified":"2023-06-29T08:38:38","modified_gmt":"2023-06-29T13:38:38","slug":"reconoce-tsje-labor-periodistica-para-construir-una-sociedad-mas-informada","status":"publish","type":"post","link":"https:\/\/zonaroja.com.mx\/?p=56997","title":{"rendered":"Reconoce TSJE labor period\u00edstica para construir una sociedad m\u00e1s informada"},"content":{"rendered":"\n<p>Yuridiana Sosa\/Zona Roja.<\/p>\n\n\n\n<p>Oaxaca de Ju\u00e1rez, Oax., a 29 de junio de 2023.- El Poder Judicial del Estado de Oaxaca reconoci\u00f3 la labor de los medios de comunicaci\u00f3n como un instrumento indispensable para mantener una sociedad informada, lo que a su vez representa dar una visi\u00f3n real de nuestro entorno.<\/p>\n\n\n\n<p>Fue durante la clausura del taller \u201cLa justicia ind\u00edgena a trav\u00e9s de los medios de comunicaci\u00f3n\u201d que el titular del Poder Judicial y del Tribunal Superior de Justicia de Oaxaca, Eduardo Pinacho S\u00e1nchez, puntualiz\u00f3 sobre la relevancia de la prensa en la vida cotidiana, quien en esta ocasi\u00f3n se capacit\u00f3 para fortalecer su ejercicio diario.<\/p>\n\n\n\n<p>Pinacho S\u00e1nchez subray\u00f3 la importancia del taller impartido, pues ofreci\u00f3 un amplio panorama de la justicia desde la realidad de cada etnia de Oaxaca.<\/p>\n\n\n\n<p>En ese sentido, dijo, fue importante que los medios de comunicaci\u00f3n pudieran recordar y comprar que anteriormente se ten\u00eda una err\u00f3nea idea de que todos los pueblos ind\u00edgenas y culturales deb\u00edan ser tratados por igual, sin embargo, el tiempo y la realidad demostr\u00f3 que cada pueblo originario cuenta con sus particularidades y en algunos casos su sistemas normativos.<\/p>\n\n\n\n<p>\u201cPor eso reconozco el inter\u00e9s de los medios para profundizar en la realidad con mayor informaci\u00f3n\u201d, expres\u00f3.<\/p>\n\n\n\n<p>Durante la clausura, Eduardo Pinacho entreg\u00f3 un reconocimiento a uno de los decanos del periodismo en Oaxaca, don Leandro Hern\u00e1ndez Romero.\u00a0<\/p>\n\n\n\n<figure class=\"wp-block-embed is-type-rich is-provider-twitter wp-block-embed-twitter\"><div class=\"wp-block-embed__wrapper\">\n<div class=\"twitter-tweet\"><blockquote class=\"twitter-tweet\" data-lang=\"es\"><p lang=\"es\" dir=\"ltr\">El titular del Poder Judicial del Estado (<a href=\"https:\/\/twitter.com\/tsjoaxaca?ref_src=twsrc%5Etfw\">@tsjoaxaca<\/a>), Eduardo Pinacho S\u00e1nchez, clausur\u00f3 hoy el taller \u201cLa justicia ind\u00edgena a trav\u00e9s de los medios de comunicaci\u00f3n\u201d, en que entreg\u00f3 un reconocimiento a uno de los decanos del periodismo en Oaxaca, don Leandro Hern\u00e1ndez Romero, y\u2026 <a href=\"https:\/\/t.co\/stI20HeTGn\">pic.twitter.com\/stI20HeTGn<\/a><\/p>&mdash; Zona Roja Oaxaca (@ZonaRoja_Oaxaca) <a href=\"https:\/\/twitter.com\/ZonaRoja_Oaxaca\/status\/1674148160246018050?ref_src=twsrc%5Etfw\">28 de junio de 2023<\/a><\/blockquote><\/div>\n<\/div><\/figure>\n","protected":false},"excerpt":{"rendered":"<p>Yuridiana Sosa\/Zona Roja. Oaxaca de Ju\u00e1rez, Oax., a 29 de junio de 2023.- El Poder&hellip;<\/p>\n","protected":false},"author":2,"featured_media":56998,"comment_status":"closed","ping_status":"open","sticky":false,"template":"","format":"standard","meta":{"_lmt_disableupdate":"","_lmt_disable":"","_jetpack_memberships_contains_paid_content":false,"footnotes":""},"categories":[109,46],"tags":[223],"class_list":["post-56997","post","type-post","status-publish","format-standard","has-post-thumbnail","hentry","category-minuto-a-minuto","category-zona-blanca","tag-poder-judicial-de-oaxaca"],"jetpack_featured_media_url":"https:\/\/zonaroja.com.mx\/wp-content\/uploads\/2023\/06\/Leandro-Hernandez-y-Poder-Judicial-Eduardo-Pinacho.jpg","jetpack_sharing_enabled":true,"_links":{"self":[{"href":"https:\/\/zonaroja.com.mx\/index.php?rest_route=\/wp\/v2\/posts\/56997","targetHints":{"allow":["GET"]}}],"collection":[{"href":"https:\/\/zonaroja.com.mx\/index.php?rest_route=\/wp\/v2\/posts"}],"about":[{"href":"https:\/\/zonaroja.com.mx\/index.php?rest_route=\/wp\/v2\/types\/post"}],"author":[{"embeddable":true,"href":"https:\/\/zonaroja.com.mx\/index.php?rest_route=\/wp\/v2\/users\/2"}],"replies":[{"embeddable":true,"href":"https:\/\/zonaroja.com.mx\/index.php?rest_route=%2Fwp%2Fv2%2Fcomments&post=56997"}],"version-history":[{"count":1,"href":"https:\/\/zonaroja.com.mx\/index.php?rest_route=\/wp\/v2\/posts\/56997\/revisions"}],"predecessor-version":[{"id":56999,"href":"https:\/\/zonaroja.com.mx\/index.php?rest_route=\/wp\/v2\/posts\/56997\/revisions\/56999"}],"wp:featuredmedia":[{"embeddable":true,"href":"https:\/\/zonaroja.com.mx\/index.php?rest_route=\/wp\/v2\/media\/56998"}],"wp:attachment":[{"href":"https:\/\/zonaroja.com.mx\/index.php?rest_route=%2Fwp%2Fv2%2Fmedia&parent=56997"}],"wp:term":[{"taxonomy":"category","embeddable":true,"href":"https:\/\/zonaroja.com.mx\/index.php?rest_route=%2Fwp%2Fv2%2Fcategories&post=56997"},{"taxonomy":"post_tag","embeddable":true,"href":"https:\/\/zonaroja.com.mx\/index.php?rest_route=%2Fwp%2Fv2%2Ftags&post=56997"}],"curies":[{"name":"wp","href":"https:\/\/api.w.org\/{rel}","templated":true}]}}