{"id":57000,"date":"2023-06-29T20:08:39","date_gmt":"2023-06-30T01:08:39","guid":{"rendered":"http:\/\/www.zonaroja.com.mx\/?p=57000"},"modified":"2023-06-29T20:08:43","modified_gmt":"2023-06-30T01:08:43","slug":"rechaza-amigos-del-maco-operativo-para-desalojarlos-senala-intimidaciones","status":"publish","type":"post","link":"https:\/\/zonaroja.com.mx\/?p=57000","title":{"rendered":"Rechaza Amigos del MACO operativo para desalojarlos; se\u00f1ala intimidaciones"},"content":{"rendered":"\n<p>Yuridiana Sosa\/Zona Roja.<\/p>\n\n\n\n<p>Oaxaca de Ju\u00e1rez, Oax., a 29 de junio de 2023.- Tras la anulaci\u00f3n del comodato a favor de Amigos del MACO, la directiva de la asociaci\u00f3n civil desaprob\u00f3 el operativo en que el gobierno de Oaxaca tom\u00f3 el control del inmueble este 28 de junio, pues se registraron actos intimidatorios y sospechosos.<\/p>\n\n\n\n<p>En conferencia de prensa, a trav\u00e9s del vocero Edgardo Arag\u00f3n y del pinto Rub\u00e9n Leyva, Amigos del MACO (del Museo de Arte Contempor\u00e1nea de Oaxaca) acept\u00f3 la entrega del inmueble ubicado en la calle Macedonio Alcal\u00e1 de la capital, pero a su vez exigi\u00f3 la devoluci\u00f3n de obras que se quedaron en el inmueble dispuestas para la siguiente exposici\u00f3n que ya no podr\u00e1 llevar a cabo.<\/p>\n\n\n\n<p>Entre los actos violentos, el vocero se\u00f1al\u00f3 que un elemento de la Polic\u00eda Estatal que acompa\u00f1\u00f3 al Consejero Jur\u00eddico, Geovany V\u00e1squez Sagrero, cort\u00f3 cartucho para intimidar a quien fung\u00eda como director del MACO.<\/p>\n\n\n\n<p>Mientras que entre las acciones que consideraron irregulares por parte del Gobierno del Estado, durante el operativo de recuperaci\u00f3n del lugar, fue permitir el acompa\u00f1amiento de Cecilia Ming\u00fcer, ex directora del MACO y a quien la asociaci\u00f3n despidi\u00f3 por malos manejos econ\u00f3micos y laborales de la instituci\u00f3n con la falsificaci\u00f3n de documentos y quien a su vez mantiene un proceso legal laboral en contra de la A.C.<\/p>\n\n\n\n<p>As\u00ed como los se\u00f1alamientos que V\u00e1squez Sagrero realiz\u00f3 contra el fundador de Amigos del MACO, Rub\u00e9n Leyva, a quien acus\u00f3, juzg\u00f3 y sentenci\u00f3 sobre el supuesto mal uso de recursos p\u00fablicos.<\/p>\n\n\n\n<p>\u201cRub\u00e9n Leyva no solo compr\u00f3 de su bolsa la camioneta tipo Van que el museo ha usado los \u00faltimos a\u00f1os, sino que ha donado el 50 por ciento de sus ventas de grafica a las arcas del MACO, merece un reconocimiento, todos los artistas que han donado sus recursos que han sido muchos, merecen nuestro agradecimiento y reconocimiento ya que el patrimonio que se logr\u00f3\u0301 obtener durante 31 a\u00f1os es precisamente por estas donaciones\u201d, puntualiz\u00f3 la asociaci\u00f3n en su pronunciamiento.<\/p>\n\n\n\n<figure class=\"wp-block-embed is-type-rich is-provider-twitter wp-block-embed-twitter\"><div class=\"wp-block-embed__wrapper\">\n<div class=\"twitter-tweet\"><blockquote class=\"twitter-tweet\" data-lang=\"es\"><p lang=\"es\" dir=\"ltr\">El pintor Rub\u00e9n Leyva, presidente de Amigos del MACO, lament\u00f3 la forma en que el <a href=\"https:\/\/twitter.com\/GobOax?ref_src=twsrc%5Etfw\">@goboax<\/a> recuper\u00f3, a trav\u00e9s de la <a href=\"https:\/\/twitter.com\/ConsejeriaOax?ref_src=twsrc%5Etfw\">@ConsejeriaOax<\/a>, el inmueble, enca\u00f1onando los polic\u00edas al personal; exigi\u00f3 que les sea devuelta la obra gr\u00e1fica bajo su resguardo. <a href=\"https:\/\/t.co\/oM07ah7QYW\">pic.twitter.com\/oM07ah7QYW<\/a><\/p>&mdash; Zona Roja Oaxaca (@ZonaRoja_Oaxaca) <a href=\"https:\/\/twitter.com\/ZonaRoja_Oaxaca\/status\/1674544829513224192?ref_src=twsrc%5Etfw\">29 de junio de 2023<\/a><\/blockquote><\/div>\n<\/div><\/figure>\n\n\n\n<p>El propio pintor Rub\u00e9n Leyva calific\u00f3 como delicada la actuaci\u00f3n de los elementos policiales contra el personal, pues no iban a resistirse a dejar el inmueble.<\/p>\n\n\n\n<p>\u201cEsto que sucedi\u00f3 es un caso que se sale de contexto, y (que el gobernador) creo que ignora la calidad de consejeros que tiene\u201d, expres\u00f3 el artista.<\/p>\n\n\n\n<p>Leyva agreg\u00f3: \u201cEsta es una manera muy personal de haber actuado, porque adem\u00e1s desconoce (Geovany V\u00e1squez) que es lo que hay adentro, desconoce que saldamos todo, que no debemos nada a la secretar\u00eda de Cultura, que el hecho de haberme buscado, que no s\u00e9 d\u00f3nde me buscaron, es el centro del trabajo, en el MACO y no sorprender de esta manera\u201d.<\/p>\n\n\n\n<p>El artista manifest\u00f3 su preocupaci\u00f3n por las obras que ah\u00ed se encuentran y de las que exigi\u00f3 al gobierno de Oaxaca su devoluci\u00f3n.<\/p>\n\n\n\n<p>\u201cEl Estado es due\u00f1o del edificio, pero no del contenido y exigimos que se entregue la obra, que lleg\u00f3 del extranjero\u201d, indic\u00f3.<\/p>\n\n\n\n<p>Rub\u00e9n Leyva expres\u00f3 sus buenos deseos al gobierno de Oaxaca con el manejo del MACO, por el cual no se aferran, ni se iban a resistir dejar, por lo que recalc\u00f3 que no era necesaria la presencia de polic\u00edas.<\/p>\n\n\n\n<p>Respecto a la demanda laboral de 11 ex trabajadores, dijo que s\u00ed ha habido tres negociaciones, pero que las propuestas han sido rechazadas; los ex empleados demandaron cuatro millones de pesos, pero por ley corresponde un pago de m\u00e1s de un mill\u00f3n 200 mil pesos, lo cual no aceptaron hace poco m\u00e1s de un a\u00f1o.<\/p>\n","protected":false},"excerpt":{"rendered":"<p>Yuridiana Sosa\/Zona Roja. Oaxaca de Ju\u00e1rez, Oax., a 29 de junio de 2023.- Tras la&hellip;<\/p>\n","protected":false},"author":2,"featured_media":57001,"comment_status":"closed","ping_status":"open","sticky":false,"template":"","format":"standard","meta":{"_lmt_disableupdate":"","_lmt_disable":"","_jetpack_memberships_contains_paid_content":false,"footnotes":""},"categories":[109,47],"tags":[2298],"class_list":["post-57000","post","type-post","status-publish","format-standard","has-post-thumbnail","hentry","category-minuto-a-minuto","category-zona-gris","tag-museo-de-arte-contemporaneo-de-oaxaca-maco"],"jetpack_featured_media_url":"https:\/\/zonaroja.com.mx\/wp-content\/uploads\/2023\/06\/Conferencia-de-prensa-Amigos-del-MACO.jpg","jetpack_sharing_enabled":true,"_links":{"self":[{"href":"https:\/\/zonaroja.com.mx\/index.php?rest_route=\/wp\/v2\/posts\/57000","targetHints":{"allow":["GET"]}}],"collection":[{"href":"https:\/\/zonaroja.com.mx\/index.php?rest_route=\/wp\/v2\/posts"}],"about":[{"href":"https:\/\/zonaroja.com.mx\/index.php?rest_route=\/wp\/v2\/types\/post"}],"author":[{"embeddable":true,"href":"https:\/\/zonaroja.com.mx\/index.php?rest_route=\/wp\/v2\/users\/2"}],"replies":[{"embeddable":true,"href":"https:\/\/zonaroja.com.mx\/index.php?rest_route=%2Fwp%2Fv2%2Fcomments&post=57000"}],"version-history":[{"count":1,"href":"https:\/\/zonaroja.com.mx\/index.php?rest_route=\/wp\/v2\/posts\/57000\/revisions"}],"predecessor-version":[{"id":57002,"href":"https:\/\/zonaroja.com.mx\/index.php?rest_route=\/wp\/v2\/posts\/57000\/revisions\/57002"}],"wp:featuredmedia":[{"embeddable":true,"href":"https:\/\/zonaroja.com.mx\/index.php?rest_route=\/wp\/v2\/media\/57001"}],"wp:attachment":[{"href":"https:\/\/zonaroja.com.mx\/index.php?rest_route=%2Fwp%2Fv2%2Fmedia&parent=57000"}],"wp:term":[{"taxonomy":"category","embeddable":true,"href":"https:\/\/zonaroja.com.mx\/index.php?rest_route=%2Fwp%2Fv2%2Fcategories&post=57000"},{"taxonomy":"post_tag","embeddable":true,"href":"https:\/\/zonaroja.com.mx\/index.php?rest_route=%2Fwp%2Fv2%2Ftags&post=57000"}],"curies":[{"name":"wp","href":"https:\/\/api.w.org\/{rel}","templated":true}]}}