{"id":57003,"date":"2023-06-29T20:10:12","date_gmt":"2023-06-30T01:10:12","guid":{"rendered":"http:\/\/www.zonaroja.com.mx\/?p=57003"},"modified":"2023-06-29T20:10:15","modified_gmt":"2023-06-30T01:10:15","slug":"aprueba-congreso-de-oaxaca-el-plan-estatal-de-desarrollo-2022-2028","status":"publish","type":"post","link":"https:\/\/zonaroja.com.mx\/?p=57003","title":{"rendered":"Aprueba Congreso de Oaxaca el Plan Estatal de Desarrollo 2022-2028\u00a0"},"content":{"rendered":"\n<p>Redacci\u00f3n\/Zona Roja.<\/p>\n\n\n\n<p>Oaxaca de Ju\u00e1rez, Oax. 29 de junio de 2023.- El Congreso de Oaxaca autoriz\u00f3 el Plan Estatal de Desarrollo 2022-2028, construido por el gobierno estatal que encabeza el ejecutivo Salom\u00f3n Jara Cruz, y por la ciudadan\u00eda oaxaque\u00f1a.&nbsp;<\/p>\n\n\n\n<p>En sesi\u00f3n extraordinaria del Pleno, las y los diputados de la 65 Legislatura local aprobaron este jueves el dictamen emitido por la Comisi\u00f3n Permanente de Presupuesto y Programaci\u00f3n, luego del an\u00e1lisis y discusi\u00f3n del proyecto del Plan Estatal de Desarrollo, y mediante el cual determinaron que es procedente su autorizaci\u00f3n debido a que \u00e9ste \u201cre\u00fane los requisitos de procedencia legal\u201d, ya que su estructura de contenidos e integraci\u00f3n jur\u00eddica, son conforme lo establecen los art\u00edculos 27 y 29 de la Ley Estatal de Planeaci\u00f3n.&nbsp;<\/p>\n\n\n\n<p>Durante el proceso de an\u00e1lisis, la comisi\u00f3n legislativa presidida por el diputado Sergio L\u00f3pez S\u00e1nchez, verific\u00f3 tambi\u00e9n que el Plan fuese realizado con la participaci\u00f3n ciudadana como lo requiere la Constituci\u00f3n de Oaxaca.<\/p>\n\n\n\n<p>Al respecto, el gobernador Salom\u00f3n Jara Cruz argument\u00f3 en el proyecto que este Plan fue elaborado por primera vez con la participaci\u00f3n de las comunidades y ser\u00e1 \u00e9ste la base de su Gobierno para promover el desarrollo y el bienestar.&nbsp;<\/p>\n\n\n\n<p>\u201cPor primera vez, en la historia de nuestro estado, hemos realizado un ejercicio territorial de planeaci\u00f3n democr\u00e1tica y popular. Han sido las y los ciudadanos, quienes desde los pueblos y comunidades, han dado forma a un plan estatal incluyente y participativo. Fue un ejercicio de abajo hacia arriba y no desde un escritorio o desde las \u00e9lites que no viven en carne propia las necesidades de nuestra gente\u201d, expres\u00f3.<\/p>\n\n\n\n<p>\u201cEl Plan Estatal de Desarrollo 2022-2028 es la gu\u00eda que nos conducir\u00e1 en esta nueva etapa en la historia de Oaxaca y nos permitir\u00e1 construir un Estado de derechos, bienestar, desarrollo, paz, y justicia para todas y todos los oaxaque\u00f1os\u201d, asegur\u00f3.&nbsp;<\/p>\n\n\n\n<p>Por su parte, el diputado Luis Alfonso Silva Romo, presidente de la Junta de Coordinaci\u00f3n Pol\u00edtica (Jucopo) de la 65 Legislatura local, &nbsp;reconoci\u00f3 la unidad de todas las fuerzas pol\u00edticas al interior del Congreso local para legislar en favor de Oaxaca. Y destac\u00f3 que esta planeaci\u00f3n construida con la ciudadan\u00eda permitir\u00e1 la consolidaci\u00f3n de la Cuarta Transformaci\u00f3n.<\/p>\n\n\n\n<p>\u201cEl PED est\u00e1 alineado a la visi\u00f3n nacional del presidente Andr\u00e9s Manuel L\u00f3pez Obrador, para que en Oaxaca se promueva el desarrollo con justicia y bienestar, y sea un gobierno cercano a la gente donde se administren correctamente los recursos p\u00fablicos\u201d, expres\u00f3.&nbsp;<\/p>\n\n\n\n<p>De igual manera, el presidente de la Comisi\u00f3n Permanente de Presupuesto y Programaci\u00f3n, Sergio L\u00f3pez S\u00e1nchez, declar\u00f3 que este Plan Estatal de Desarrollo ser\u00e1 la gu\u00eda para el actuar de todas las personas funcionarias en el Poder Ejecutivo.&nbsp;<\/p>\n\n\n\n<p>\u201cEste instrumento rector de las pol\u00edticas p\u00fablicas para el desarrollo de Oaxaca, contiene y expresa el sentir del pueblo oaxaque\u00f1o, por lo tanto, debe ser la br\u00fajula de actuaci\u00f3n de las y los servidores p\u00fablicos de la administraci\u00f3n estatal, quienes lo deber\u00e1n acatar en el desempe\u00f1o de sus funciones, con honradez, compromiso, responsabilidad, austeridad, combatiendo la corrupci\u00f3n, la ineficacia y el hist\u00f3rico rezago de la entidad\u201d, manifest\u00f3.&nbsp;<\/p>\n\n\n\n<p>El Plan Estatal de Desarrollo 2022-2028 plantea cinco ejes program\u00e1ticos: Estado de bienestar para todas las oaxaque\u00f1as y los oaxaque\u00f1os; Gobierno honesto, cercano y transparente al servicio de los pueblos y comunidades; seguridad y justicia para vivir en paz; crecimiento y desarrollo econ\u00f3mico para las ocho regiones; infraestructuras y servicios p\u00fablicos para el desarrollo de Oaxaca; as\u00ed como cuatro ejes transversales: igualdad de g\u00e9nero, desarrollo sostenible y cambio clim\u00e1tico, interculturalidad y ni\u00f1as, ni\u00f1os y adolescentes.&nbsp;<\/p>\n\n\n\n<p>Para su &nbsp;elaboraci\u00f3n participaron miles de oaxaque\u00f1as y oaxaque\u00f1os, as\u00ed como autoridades municipales, quienes se sumaron a los foros regionales y tem\u00e1ticos sectoriales organizados, as\u00ed como a las asambleas comunitarias, encuentros con autoridades municipales y a las herramientas digitales.<\/p>\n","protected":false},"excerpt":{"rendered":"<p>Redacci\u00f3n\/Zona Roja. Oaxaca de Ju\u00e1rez, Oax. 29 de junio de 2023.- El Congreso de Oaxaca&hellip;<\/p>\n","protected":false},"author":2,"featured_media":47701,"comment_status":"closed","ping_status":"open","sticky":false,"template":"","format":"standard","meta":{"_lmt_disableupdate":"","_lmt_disable":"","_jetpack_memberships_contains_paid_content":false,"footnotes":""},"categories":[109,46],"tags":[2743],"class_list":["post-57003","post","type-post","status-publish","format-standard","has-post-thumbnail","hentry","category-minuto-a-minuto","category-zona-blanca","tag-65-legislatura-del-estado-de-oaxaca"],"jetpack_featured_media_url":"https:\/\/zonaroja.com.mx\/wp-content\/uploads\/2022\/11\/Salon-plenos-Congreso-Oaxaca-Camara-Diputados.jpg","jetpack_sharing_enabled":true,"_links":{"self":[{"href":"https:\/\/zonaroja.com.mx\/index.php?rest_route=\/wp\/v2\/posts\/57003","targetHints":{"allow":["GET"]}}],"collection":[{"href":"https:\/\/zonaroja.com.mx\/index.php?rest_route=\/wp\/v2\/posts"}],"about":[{"href":"https:\/\/zonaroja.com.mx\/index.php?rest_route=\/wp\/v2\/types\/post"}],"author":[{"embeddable":true,"href":"https:\/\/zonaroja.com.mx\/index.php?rest_route=\/wp\/v2\/users\/2"}],"replies":[{"embeddable":true,"href":"https:\/\/zonaroja.com.mx\/index.php?rest_route=%2Fwp%2Fv2%2Fcomments&post=57003"}],"version-history":[{"count":1,"href":"https:\/\/zonaroja.com.mx\/index.php?rest_route=\/wp\/v2\/posts\/57003\/revisions"}],"predecessor-version":[{"id":57004,"href":"https:\/\/zonaroja.com.mx\/index.php?rest_route=\/wp\/v2\/posts\/57003\/revisions\/57004"}],"wp:featuredmedia":[{"embeddable":true,"href":"https:\/\/zonaroja.com.mx\/index.php?rest_route=\/wp\/v2\/media\/47701"}],"wp:attachment":[{"href":"https:\/\/zonaroja.com.mx\/index.php?rest_route=%2Fwp%2Fv2%2Fmedia&parent=57003"}],"wp:term":[{"taxonomy":"category","embeddable":true,"href":"https:\/\/zonaroja.com.mx\/index.php?rest_route=%2Fwp%2Fv2%2Fcategories&post=57003"},{"taxonomy":"post_tag","embeddable":true,"href":"https:\/\/zonaroja.com.mx\/index.php?rest_route=%2Fwp%2Fv2%2Ftags&post=57003"}],"curies":[{"name":"wp","href":"https:\/\/api.w.org\/{rel}","templated":true}]}}