{"id":57009,"date":"2023-06-29T21:30:37","date_gmt":"2023-06-30T02:30:37","guid":{"rendered":"http:\/\/www.zonaroja.com.mx\/?p=57009"},"modified":"2023-06-29T21:30:41","modified_gmt":"2023-06-30T02:30:41","slug":"un-ano-despues-de-senalamientos-neri-perdono-jarquin-por-millonario-desfalco","status":"publish","type":"post","link":"https:\/\/zonaroja.com.mx\/?p=57009","title":{"rendered":"Un a\u00f1o despu\u00e9s de se\u00f1alamientos, Neri perdon\u00f3 Jarqu\u00edn por millonario desfalco"},"content":{"rendered":"\n<p>Yuridiana Sosa\/Zona Roja.<\/p>\n\n\n\n<p>Oaxaca de Ju\u00e1rez, Oax., a 29 de junio de 2023.- Las investigaciones internas, como supuestamente en el orden estatal, por la deuda p\u00fablica que hered\u00f3 Oswaldo Garc\u00eda Jarqu\u00edn a Francisco Mart\u00ednez Neri en Oaxaca de Ju\u00e1rez, por m\u00e1s de 386.6 millones de pesos, siguen en el desconocimiento p\u00fablico y sin razones de avances por parte de la autoridad municipal.<\/p>\n\n\n\n<p>En un acto simulado de transparencia, el 28 de junio de 2022 el edil de Oaxaca de Ju\u00e1rez, Francisco Mart\u00ednez Neri, revel\u00f3 en un acto p\u00fablico el estado financiero en que recibi\u00f3 la administraci\u00f3n por parte de su antecesor, tambi\u00e9n de Morena.<\/p>\n\n\n\n<p>S\u00d3LO PALABRAS<\/p>\n\n\n\n<p>Durante el enjuiciamiento p\u00fablico, Mart\u00ednez Neri asever\u00f3 que las arcas municipales \u201cse encontr\u00f3 en condiciones precarias de operaci\u00f3n para afrontar todas sus necesidades sustantivas\u201d, pero que por dichos actos adem\u00e1s de una revisi\u00f3n interna se dar\u00eda vista a la Fiscal\u00eda General de la Rep\u00fablica y a la Fiscal\u00eda General de Oaxaca, para que dentro de sus competencias act\u00faen seg\u00fan los delitos.<\/p>\n\n\n\n<p>As\u00ed como se informar\u00eda a la Auditor\u00eda Superior de la Federaci\u00f3n y al \u00d3rganos de Fiscalizaci\u00f3n del Estado de Oaxaca para que lleve a cabo las auditor\u00edas correspondientes.<\/p>\n\n\n\n<p>Tan omiso ha sido Mart\u00ednez Neri, que semanas despu\u00e9s de revelar la deuda no permiti\u00f3 que su Cabildo aprobara en julio de ese a\u00f1o un punto de acuerdo para ordenar al \u00d3rgano de Control Interno Municipal promover ante el \u00d3rgano Fiscalizador de Oaxaca, Fiscal\u00eda Especializada de Combate a la Corrupci\u00f3n , al Tribunal de Justicia Administrativa del Estado de Oaxaca, Secretar\u00eda Ejecutiva del Sistema al combate a la Corrupci\u00f3n y otras instancias, todas las acciones por los hechos e irregularidades presentadas en el informe de junio.<\/p>\n\n\n\n<p>La justificaci\u00f3n fue que ya exist\u00eda una solicitud de revisi\u00f3n a la Contralor\u00eda Municipal.<\/p>\n\n\n\n<p>Desde ese entonces, el gobierno de Oaxaca de Ju\u00e1rez no volvi\u00f3 a informar del caso, e incluso, en su informe de diciembre, para el cierre del ejercicio fiscal 2022, trat\u00f3 de fijar los reflectores en las \u201cbuenas pr\u00e1cticas\u201d que su gobierno hab\u00eda aplicado para pagar m\u00e1s de 105 millones de pesos de la&nbsp;deuda.<\/p>\n\n\n\n<p>Sin embargo, para antes del cierre del 2022 la deuda ya hab\u00eda crecido ante reclamos de pagos posteriores a junio, por lo que pas\u00f3 de 386 millones 603 mil 792 pesos, equivalente al 25 por ciento del Presupuesto de Egresos 2022, a m\u00e1s de 400 millones de pesos.<\/p>\n\n\n\n<p>A un a\u00f1o de la queja de Mart\u00ednez Neri sobre la herencia negativa, \u00e9sta s\u00f3lo ha quedado en palabras, sin efectos administrativos o penales contra el ex edil o contra quienes resulten responsables.<\/p>\n\n\n\n<p>ALGUNOS MONTOS<\/p>\n\n\n\n<p>Hace un a\u00f1o, Francisco Mart\u00ednez Neri dio a conocer que algunos de rubros en los que se detect\u00f3&nbsp;deuda&nbsp;fue por concepto en acreedores por 58 millones 481 mil 955 pesos; en laudos y sentencias, 41 millones 675 mil 410 pesos; por Fideicomisos para el Ahorro de Energ\u00eda El\u00e9ctrica, 41 millones 662 mil pesos; de impuestos, 33 millones 347 mil 159 pesos.<\/p>\n\n\n\n<p>As\u00ed como en la Direcci\u00f3n de Pensiones se qued\u00f3 una&nbsp;deuda&nbsp;de 13 millones 984 mil 972 pesos; finiquitos, m\u00e1s de 26 millones y m\u00e1s 13 millones 984 mil 972 pesos de otros gastos.<\/p>\n","protected":false},"excerpt":{"rendered":"<p>Yuridiana Sosa\/Zona Roja. Oaxaca de Ju\u00e1rez, Oax., a 29 de junio de 2023.- Las investigaciones&hellip;<\/p>\n","protected":false},"author":2,"featured_media":37915,"comment_status":"closed","ping_status":"open","sticky":false,"template":"","format":"standard","meta":{"_lmt_disableupdate":"","_lmt_disable":"","_jetpack_memberships_contains_paid_content":false,"footnotes":""},"categories":[109,47],"tags":[2418],"class_list":["post-57009","post","type-post","status-publish","format-standard","has-post-thumbnail","hentry","category-minuto-a-minuto","category-zona-gris","tag-francisco-martinez-neri"],"jetpack_featured_media_url":"https:\/\/zonaroja.com.mx\/wp-content\/uploads\/2022\/02\/Francisco-Martinez-Neri.jpeg","jetpack_sharing_enabled":true,"_links":{"self":[{"href":"https:\/\/zonaroja.com.mx\/index.php?rest_route=\/wp\/v2\/posts\/57009","targetHints":{"allow":["GET"]}}],"collection":[{"href":"https:\/\/zonaroja.com.mx\/index.php?rest_route=\/wp\/v2\/posts"}],"about":[{"href":"https:\/\/zonaroja.com.mx\/index.php?rest_route=\/wp\/v2\/types\/post"}],"author":[{"embeddable":true,"href":"https:\/\/zonaroja.com.mx\/index.php?rest_route=\/wp\/v2\/users\/2"}],"replies":[{"embeddable":true,"href":"https:\/\/zonaroja.com.mx\/index.php?rest_route=%2Fwp%2Fv2%2Fcomments&post=57009"}],"version-history":[{"count":1,"href":"https:\/\/zonaroja.com.mx\/index.php?rest_route=\/wp\/v2\/posts\/57009\/revisions"}],"predecessor-version":[{"id":57010,"href":"https:\/\/zonaroja.com.mx\/index.php?rest_route=\/wp\/v2\/posts\/57009\/revisions\/57010"}],"wp:featuredmedia":[{"embeddable":true,"href":"https:\/\/zonaroja.com.mx\/index.php?rest_route=\/wp\/v2\/media\/37915"}],"wp:attachment":[{"href":"https:\/\/zonaroja.com.mx\/index.php?rest_route=%2Fwp%2Fv2%2Fmedia&parent=57009"}],"wp:term":[{"taxonomy":"category","embeddable":true,"href":"https:\/\/zonaroja.com.mx\/index.php?rest_route=%2Fwp%2Fv2%2Fcategories&post=57009"},{"taxonomy":"post_tag","embeddable":true,"href":"https:\/\/zonaroja.com.mx\/index.php?rest_route=%2Fwp%2Fv2%2Ftags&post=57009"}],"curies":[{"name":"wp","href":"https:\/\/api.w.org\/{rel}","templated":true}]}}