{"id":57011,"date":"2023-06-30T08:28:29","date_gmt":"2023-06-30T13:28:29","guid":{"rendered":"http:\/\/www.zonaroja.com.mx\/?p=57011"},"modified":"2023-06-30T08:28:31","modified_gmt":"2023-06-30T13:28:31","slug":"en-oaxaca-vinculan-a-proceso-a-dos-individuos-por-violencia-de-genero","status":"publish","type":"post","link":"https:\/\/zonaroja.com.mx\/?p=57011","title":{"rendered":"En Oaxaca, vinculan a proceso a dos individuos por violencia de g\u00e9nero"},"content":{"rendered":"\n<p>Redacci\u00f3n\/Zona Roja.&nbsp;<\/p>\n\n\n\n<p>Oaxaca de Ju\u00e1rez, Oax., a 30 de junio de 2023.- &nbsp;La pol\u00edtica de cero tolerancia contra la violencia familiar, permiti\u00f3 a la Fiscal\u00eda General del Estado de Oaxaca (FGEO) obtener las pruebas suficientes para la obtenci\u00f3n de vinculaci\u00f3n a proceso en contra de dos personas (casos diferentes) por el delito de Violencia Familiar, cometidos en la regi\u00f3n de los Valles Centrales.<\/p>\n\n\n\n<p>El primero de los hechos sucedi\u00f3 en diferentes fechas y lugares de la ciudad de Oaxaca de Ju\u00e1rez, cuando N. R. D. fue v\u00edctima de agresiones, por lo que denunci\u00f3 los hechos ante la FGEO.<\/p>\n\n\n\n<p>Luego de realizar las labores pertinentes, elementos de la Agencia Estatal de Investigaciones (AEI) ejecutaron una orden de aprehensi\u00f3n contra D. J. R. M., quien fue presentado ante el Juez que dict\u00f3 auto de vinculaci\u00f3n a proceso en su contra por el delito de Violencia Familiar, adem\u00e1s que impuso prisi\u00f3n preventiva y otorg\u00f3 dos meses como plazo para el cierre de la investigaci\u00f3n complementaria.<\/p>\n\n\n\n<p>Mientras que el segundo caso sucedi\u00f3 el 24 de marzo de 2021, en un domicilio particular ubicado en la localidad de San Jer\u00f3nimo Yahuiche, en el municipio de Santa Mar\u00eda Atzompa, donde la v\u00edctima (D. N. G. M.) sufri\u00f3 lesiones, a consecuencia de una agresi\u00f3n.<\/p>\n\n\n\n<p>Ante los hechos, la v\u00edctima present\u00f3 su denuncia ante la Fiscal\u00eda, que efectu\u00f3 los trabajos correspondientes, por los cuales se liber\u00f3 la orden de aprehensi\u00f3n por la que M. A. G. M. fue detenido y puesto a disposici\u00f3n del Juez, quien dict\u00f3 auto de vinculaci\u00f3n a proceso en su contra por Violencia Familiar, adem\u00e1s que impuso prisi\u00f3n preventiva justificada y otorg\u00f3 dos meses para el cierre de la investigaci\u00f3n.<\/p>\n\n\n\n<p>La Fiscal\u00eda de Oaxaca cuenta con \u00e1reas especializadas para dar acompa\u00f1amiento integral a las v\u00edctimas de este tipo de delitos, como parte de los trabajos de procuraci\u00f3n de justicia.<\/p>\n","protected":false},"excerpt":{"rendered":"<p>Redacci\u00f3n\/Zona Roja.&nbsp; Oaxaca de Ju\u00e1rez, Oax., a 30 de junio de 2023.- &nbsp;La pol\u00edtica de&hellip;<\/p>\n","protected":false},"author":2,"featured_media":7973,"comment_status":"closed","ping_status":"open","sticky":false,"template":"","format":"standard","meta":{"_lmt_disableupdate":"","_lmt_disable":"","_jetpack_memberships_contains_paid_content":false,"footnotes":""},"categories":[109,46],"tags":[494],"class_list":["post-57011","post","type-post","status-publish","format-standard","has-post-thumbnail","hentry","category-minuto-a-minuto","category-zona-blanca","tag-fiscalia-general-del-estado-de-oaxaca"],"jetpack_featured_media_url":"https:\/\/zonaroja.com.mx\/wp-content\/uploads\/2020\/01\/delitos-sexuales.jpg","jetpack_sharing_enabled":true,"_links":{"self":[{"href":"https:\/\/zonaroja.com.mx\/index.php?rest_route=\/wp\/v2\/posts\/57011","targetHints":{"allow":["GET"]}}],"collection":[{"href":"https:\/\/zonaroja.com.mx\/index.php?rest_route=\/wp\/v2\/posts"}],"about":[{"href":"https:\/\/zonaroja.com.mx\/index.php?rest_route=\/wp\/v2\/types\/post"}],"author":[{"embeddable":true,"href":"https:\/\/zonaroja.com.mx\/index.php?rest_route=\/wp\/v2\/users\/2"}],"replies":[{"embeddable":true,"href":"https:\/\/zonaroja.com.mx\/index.php?rest_route=%2Fwp%2Fv2%2Fcomments&post=57011"}],"version-history":[{"count":1,"href":"https:\/\/zonaroja.com.mx\/index.php?rest_route=\/wp\/v2\/posts\/57011\/revisions"}],"predecessor-version":[{"id":57012,"href":"https:\/\/zonaroja.com.mx\/index.php?rest_route=\/wp\/v2\/posts\/57011\/revisions\/57012"}],"wp:featuredmedia":[{"embeddable":true,"href":"https:\/\/zonaroja.com.mx\/index.php?rest_route=\/wp\/v2\/media\/7973"}],"wp:attachment":[{"href":"https:\/\/zonaroja.com.mx\/index.php?rest_route=%2Fwp%2Fv2%2Fmedia&parent=57011"}],"wp:term":[{"taxonomy":"category","embeddable":true,"href":"https:\/\/zonaroja.com.mx\/index.php?rest_route=%2Fwp%2Fv2%2Fcategories&post=57011"},{"taxonomy":"post_tag","embeddable":true,"href":"https:\/\/zonaroja.com.mx\/index.php?rest_route=%2Fwp%2Fv2%2Ftags&post=57011"}],"curies":[{"name":"wp","href":"https:\/\/api.w.org\/{rel}","templated":true}]}}