{"id":57013,"date":"2023-06-30T08:57:45","date_gmt":"2023-06-30T13:57:45","guid":{"rendered":"http:\/\/www.zonaroja.com.mx\/?p=57013"},"modified":"2023-06-30T08:57:46","modified_gmt":"2023-06-30T13:57:46","slug":"reprueban-oaxaquenos-a-jara-cruz-en-encuesta-de-electoralia","status":"publish","type":"post","link":"https:\/\/zonaroja.com.mx\/?p=57013","title":{"rendered":"Reprueban oaxaque\u00f1os a Jara Cruz, en encuesta de Electoralia\u00a0"},"content":{"rendered":"\n<p>Yuridiana Sosa\/Zona Roja.<\/p>\n\n\n\n<p>Oaxaca de Ju\u00e1rez, Oax., a 28 de junio de 2023.- A casi siete meses de tomar la administraci\u00f3n del gobierno de Oaxaca, Salom\u00f3n Jara Cruz, sigue sin convencer a la mayor\u00eda de los oaxaque\u00f1os sobre su desempe\u00f1o, de acuerdo a la encuesta nacional de Electroralia.<\/p>\n\n\n\n<p>Los resultados al mes de junio de la encuesta \u201cAprobaci\u00f3n gobernadoras y gobernadores\u201d mostraron que el 57 por ciento de los ciudadanos encuestados est\u00e1n en desacuerdo con el desempe\u00f1o del mandatario surgido de Morena, sobre el 43 por ciento que aval\u00f3 su trabajo.<\/p>\n\n\n\n<p>En el ranking, el oaxaque\u00f1o ocupa la posici\u00f3n 27, es decir, el sexto peor evaluado en el mes de junio.<\/p>\n\n\n\n<p>Pero, adem\u00e1s, la aprobaci\u00f3n sobre el mandatario empeor\u00f3, pues datos de esta misma encuestadora mostraron que en la anterior evaluaci\u00f3n de marzo el gobernador de Oaxaca obtuvo el 50 por ciento de aprobaci\u00f3n.<\/p>\n\n\n\n<p>El ejercicio m\u00e1s reciente incluy\u00f3 la pregunta: \u201c\u00bfUsted considera que durante la administraci\u00f3n de Salom\u00f3n Jara la situaci\u00f3n general del estado ha mejorado o ha empeorado?\u201d, de la que el 59 por ciento de las respuestas apunt\u00f3 que empeor\u00f3 la situaci\u00f3n, y el 41 por ciento, mejorado.<\/p>\n\n\n\n<p>NACIONAL<\/p>\n\n\n\n<p>El ranking de los gobernadores mejor evaluados lo encabeza Julio Menchaca de Hidalgo, por Morena, con el 69 por ciento de aprobaci\u00f3n: le sigue Mauricio Vila de Yucat\u00e1n, del PAN, con el 68 por ciento y Tere Jim\u00e9nez de Aguascalientes, del PAN, con el 67 por ciento de aprobaci\u00f3n.<\/p>\n","protected":false},"excerpt":{"rendered":"<p>Yuridiana Sosa\/Zona Roja. Oaxaca de Ju\u00e1rez, Oax., a 28 de junio de 2023.- A casi&hellip;<\/p>\n","protected":false},"author":2,"featured_media":57019,"comment_status":"closed","ping_status":"open","sticky":false,"template":"","format":"standard","meta":{"_lmt_disableupdate":"","_lmt_disable":"","_jetpack_memberships_contains_paid_content":false,"footnotes":""},"categories":[109,47],"tags":[939],"class_list":["post-57013","post","type-post","status-publish","format-standard","has-post-thumbnail","hentry","category-minuto-a-minuto","category-zona-gris","tag-salomon-jara-cruz"],"jetpack_featured_media_url":"https:\/\/zonaroja.com.mx\/wp-content\/uploads\/2023\/06\/Encuesta-Electoralia-Salomon-Jara.jpg","jetpack_sharing_enabled":true,"_links":{"self":[{"href":"https:\/\/zonaroja.com.mx\/index.php?rest_route=\/wp\/v2\/posts\/57013","targetHints":{"allow":["GET"]}}],"collection":[{"href":"https:\/\/zonaroja.com.mx\/index.php?rest_route=\/wp\/v2\/posts"}],"about":[{"href":"https:\/\/zonaroja.com.mx\/index.php?rest_route=\/wp\/v2\/types\/post"}],"author":[{"embeddable":true,"href":"https:\/\/zonaroja.com.mx\/index.php?rest_route=\/wp\/v2\/users\/2"}],"replies":[{"embeddable":true,"href":"https:\/\/zonaroja.com.mx\/index.php?rest_route=%2Fwp%2Fv2%2Fcomments&post=57013"}],"version-history":[{"count":1,"href":"https:\/\/zonaroja.com.mx\/index.php?rest_route=\/wp\/v2\/posts\/57013\/revisions"}],"predecessor-version":[{"id":57020,"href":"https:\/\/zonaroja.com.mx\/index.php?rest_route=\/wp\/v2\/posts\/57013\/revisions\/57020"}],"wp:featuredmedia":[{"embeddable":true,"href":"https:\/\/zonaroja.com.mx\/index.php?rest_route=\/wp\/v2\/media\/57019"}],"wp:attachment":[{"href":"https:\/\/zonaroja.com.mx\/index.php?rest_route=%2Fwp%2Fv2%2Fmedia&parent=57013"}],"wp:term":[{"taxonomy":"category","embeddable":true,"href":"https:\/\/zonaroja.com.mx\/index.php?rest_route=%2Fwp%2Fv2%2Fcategories&post=57013"},{"taxonomy":"post_tag","embeddable":true,"href":"https:\/\/zonaroja.com.mx\/index.php?rest_route=%2Fwp%2Fv2%2Ftags&post=57013"}],"curies":[{"name":"wp","href":"https:\/\/api.w.org\/{rel}","templated":true}]}}