{"id":57024,"date":"2023-06-30T12:30:00","date_gmt":"2023-06-30T17:30:00","guid":{"rendered":"http:\/\/www.zonaroja.com.mx\/?p=57024"},"modified":"2023-06-30T09:01:26","modified_gmt":"2023-06-30T14:01:26","slug":"recrudece-violencia-en-francia-tras-asesinato-de-joven-por-parte-de-policia","status":"publish","type":"post","link":"https:\/\/zonaroja.com.mx\/?p=57024","title":{"rendered":"Recrudece violencia en Francia, tras asesinato de joven por parte de polic\u00eda"},"content":{"rendered":"\n<p>Redacci\u00f3n\/Zona Roja Cdmx.<\/p>\n\n\n\n<p>Ciudad de M\u00e9xico, a 30 de junio de 2023.- Al menos 875 personas han sido detenidas en Francia durante la tercera noche consecutiva de protestas por la muerte a tiros de un joven de 17 a\u00f1os a manos de un agente en un control policial.<\/p>\n\n\n\n<p>El ministro del Interior franc\u00e9s, G\u00e9rald Darmanin, inform\u00f3 la cifra de detenciones a primer hora de la ma\u00f1ana de este viernes, al tiempo que agreg\u00f3 que los agentes de las fuerzas de seguridad se han \u201cenfrentado con valent\u00eda a una violencia poco frecuente\u201d.<\/p>\n\n\n\n<p>Horas antes, el equipo del ministro hab\u00eda indicado que se hab\u00edan producido 421 detenciones, de las cuales al menos 242 han tenido lugar en la regi\u00f3n de Par\u00eds. Indic\u00f3 que la mayor\u00eda de los detenidos tienen entre 14 y 18 a\u00f1os. \u201cEstas detenciones r\u00e9cord reflejan las instrucciones de firmeza dadas por el ministro\u201d, declar\u00f3 una fuente cercana a Darmanin al peri\u00f3dico \u2018Le Figar\u00f3\u2019.<\/p>\n\n\n\n<p>Darmanin \u201cdio instrucciones sistem\u00e1ticas de intervenci\u00f3n a la Polic\u00eda\u201d y mostr\u00f3 su apoyo a las fuerzas de seguridad del pa\u00eds \u201cque est\u00e1n haciendo un valiente trabajo\u201d, expres\u00f3 a trav\u00e9s de su perfil en la red social Twitter.<\/p>\n\n\n\n<p>Sin embargo, la ola de violencia no se limit\u00f3 a los barrios sensibles de la regi\u00f3n de Par\u00eds, sino que tambi\u00e9n alcanz\u00f3 a la capital, donde hubo saqueos de comercios en el barrio de Les Halles, en el centro, y muchas otras ciudades.<\/p>\n\n\n\n<p>Seg\u00fan el ministerio, 249 polic\u00edas y gendarmes resultaron heridos, ninguno de ellos de gravedad.<\/p>\n\n\n\n<p>El medio local \u201cLe Parisien\u201d inform\u00f3 que algunos de estos disturbios tuvieron lugar en la plaza Nelson Mandela, donde un grupo de manifestantes lanz\u00f3 proyectiles contra la polic\u00eda y varios veh\u00edculos fueron incendiados. Las fuerzas del orden respondieron con gases lacrim\u00f3genos y porras, a fin de dispersar a la multitud.<\/p>\n\n\n\n<p>Cerca de las 03:00, hora local, en Nanterre, en la periferia de Par\u00eds, se viv\u00eda una \u201ctensa\u201d calma, seg\u00fan inform\u00f3 la cadena BFMTV, que se\u00f1al\u00f3 que la Polic\u00eda y los Bomberos continuaban en el lugar de los hechos.<\/p>\n\n\n\n<p>Miles de personas se concentraron este jueves en Nanterre para protestar por la muerte del joven Nahel, que recibi\u00f3 un disparo a quemarropa tras la intercepci\u00f3n de su veh\u00edculo, en una jornada en la que el Gobierno franc\u00e9s anunci\u00f3 el despliegue de 40.000 polic\u00edas y gendarmes para contener la violencia en Francia.<\/p>\n\n\n\n<p>La llamada \u2018Marcha blanca\u2019, convocada por la madre del joven, desfil\u00f3 por las calles de Nanterre hasta terminar en los juzgados, donde poco antes el fiscal de la ciudad, Pascal Prache, determin\u00f3 que el agente implicado en el caso debe permanecer en prisi\u00f3n provisional como sospechoso de un delito de homicidio. El funeral de Nahel tendr\u00e1 lugar este s\u00e1bado en esa misma localidad.<\/p>\n\n\n\n<p>Unidad de crisis interministerial<\/p>\n\n\n\n<p>El presidente de Francia, Emmanuel Macron, volvi\u00f3 a convocar este viernes una unidad de crisis interministerial, despu\u00e9s de tres d\u00edas consecutivos de protestas en las calles del pa\u00eds.<\/p>\n\n\n\n<p>Macron, que se encuentra en Bruselas por el Consejo de la Uni\u00f3n Europea, presidir\u00e1 la unidad de crisis a las 13:00, hora local, desde Par\u00eds. Por tanto, es probable que tenga que acortar su estancia si los encuentros con sus hom\u00f3logos no han terminado, inform\u00f3 el diario \u2018Le Figar\u00f3\u2019.<\/p>\n\n\n\n<p>El mandatario denunci\u00f3 durante la jornada anterior la violencia contra comisar\u00edas, escuelas y ayuntamientos, sosteniendo que es \u201cinjustificable\u201d. Agradeci\u00f3 a las fuerzas de seguridad movilizadas y se\u00f1al\u00f3 que \u201cla meditaci\u00f3n, la justicia y la calma\u201d deb\u00edan \u201cguiar las pr\u00f3ximas horas\u201d.<\/p>\n\n\n\n<p>Los disturbios se habr\u00edan extendido a B\u00e9lgica, donde el jueves por la noche una veintena de personas han sido detenidas por protestas.<\/p>\n\n\n\n<p>La muerte de Nahel se produjo el martes por la ma\u00f1ana cuando dos agentes motorizados lo persiguieron tras haber cometido varias infracciones al c\u00f3digo de la circulaci\u00f3n al volante de un veh\u00edculo de alquiler que conduc\u00eda sin tener la licencia.<\/p>\n\n\n\n<p>Cuando consiguieron detenerlo al quedar inmovilizado en un atasco, los agentes lo apuntaron con sus armas y le exigieron que apagara en motor. Pero en lugar de eso, el joven aceler\u00f3 y fue entonces cuando uno de los dos polic\u00edas le dispar\u00f3 en el pecho. Inicialmente, el polic\u00eda afirm\u00f3 que hab\u00eda utilizado su arma porque Nahel amenazaba su integridad y la de su compa\u00f1ero al poner en movimiento el veh\u00edculo, pero las im\u00e1genes grabadas por testigos de la escena han puesto en evidencia que esa versi\u00f3n no se sosten\u00eda.<\/p>\n\n\n\n<p>(Con informaci\u00f3n de EFE, AFP y Europa Press, en Infobae)<\/p>\n","protected":false},"excerpt":{"rendered":"<p>Redacci\u00f3n\/Zona Roja Cdmx. Ciudad de M\u00e9xico, a 30 de junio de 2023.- Al menos 875&hellip;<\/p>\n","protected":false},"author":2,"featured_media":57014,"comment_status":"closed","ping_status":"open","sticky":false,"template":"","format":"standard","meta":{"_lmt_disableupdate":"","_lmt_disable":"","_jetpack_memberships_contains_paid_content":false,"footnotes":""},"categories":[109,46],"tags":[312],"class_list":["post-57024","post","type-post","status-publish","format-standard","has-post-thumbnail","hentry","category-minuto-a-minuto","category-zona-blanca","tag-seccion-22-del-snte"],"jetpack_featured_media_url":"https:\/\/zonaroja.com.mx\/wp-content\/uploads\/2023\/06\/Disturbios-Francia.jpeg","jetpack_sharing_enabled":true,"_links":{"self":[{"href":"https:\/\/zonaroja.com.mx\/index.php?rest_route=\/wp\/v2\/posts\/57024","targetHints":{"allow":["GET"]}}],"collection":[{"href":"https:\/\/zonaroja.com.mx\/index.php?rest_route=\/wp\/v2\/posts"}],"about":[{"href":"https:\/\/zonaroja.com.mx\/index.php?rest_route=\/wp\/v2\/types\/post"}],"author":[{"embeddable":true,"href":"https:\/\/zonaroja.com.mx\/index.php?rest_route=\/wp\/v2\/users\/2"}],"replies":[{"embeddable":true,"href":"https:\/\/zonaroja.com.mx\/index.php?rest_route=%2Fwp%2Fv2%2Fcomments&post=57024"}],"version-history":[{"count":1,"href":"https:\/\/zonaroja.com.mx\/index.php?rest_route=\/wp\/v2\/posts\/57024\/revisions"}],"predecessor-version":[{"id":57025,"href":"https:\/\/zonaroja.com.mx\/index.php?rest_route=\/wp\/v2\/posts\/57024\/revisions\/57025"}],"wp:featuredmedia":[{"embeddable":true,"href":"https:\/\/zonaroja.com.mx\/index.php?rest_route=\/wp\/v2\/media\/57014"}],"wp:attachment":[{"href":"https:\/\/zonaroja.com.mx\/index.php?rest_route=%2Fwp%2Fv2%2Fmedia&parent=57024"}],"wp:term":[{"taxonomy":"category","embeddable":true,"href":"https:\/\/zonaroja.com.mx\/index.php?rest_route=%2Fwp%2Fv2%2Fcategories&post=57024"},{"taxonomy":"post_tag","embeddable":true,"href":"https:\/\/zonaroja.com.mx\/index.php?rest_route=%2Fwp%2Fv2%2Ftags&post=57024"}],"curies":[{"name":"wp","href":"https:\/\/api.w.org\/{rel}","templated":true}]}}