{"id":57027,"date":"2023-06-30T09:02:14","date_gmt":"2023-06-30T14:02:14","guid":{"rendered":"http:\/\/www.zonaroja.com.mx\/?p=57027"},"modified":"2023-06-30T09:02:16","modified_gmt":"2023-06-30T14:02:16","slug":"porque-la-cultura-no-es-mercancia-la-seccion-22-anuncia-su-guelaguetza","status":"publish","type":"post","link":"https:\/\/zonaroja.com.mx\/?p=57027","title":{"rendered":"Porque \u201cla cultura no es mercanc\u00eda\u201d, la Secci\u00f3n 22 anuncia su Guelaguetza"},"content":{"rendered":"\n<p>Redacci\u00f3n\/Zona Roja.<\/p>\n\n\n\n<p>Oaxaca de Ju\u00e1rez, Oax., 29 de junio de 2023.- Bajo la premisa que \u201cla cultura no es mercanc\u00eda, que la sangre de nuestros ca\u00eddos no tiene perd\u00f3n, ni olvido\u201d, la Secci\u00f3n 22 del Sindicato Nacional de Trabajadores de la Educaci\u00f3n anunci\u00f3 su Guelaguetza 2023.<\/p>\n\n\n\n<p>\u201cLa Guelaguetza es nuestra fiesta de lucha cultural, en ella nos concentramos las naciones de gran resistencia al embate neoliberal, luchamos por el territorio, el agua y nuestra lengua originaria, somos amuzgos, zapotecos, zoques, chatinos, huaves, triquis, mixtecos, mazatecos, mixes, cuicatecos, chontales, chocholtecos, zoques, nahuas, tacuates, somos hermanos de la madre tierra\u201d, inform\u00f3 en un comunicado.<\/p>\n\n\n\n<p>Detall\u00f3 que, \u201ca pesar de la constante represi\u00f3n del Estado en imponer su pol\u00edtica neoliberal con incursiones de la polic\u00eda municipal, estatal, federal, gendarmer\u00eda y militar; el magisterio y pueblo oaxaque\u00f1o siguen en pie de lucha y en constante reorganizaci\u00f3n para fortalecer en unidad al Movimiento Democr\u00e1tico de los Trabajadores de la Educaci\u00f3n\u201d.<\/p>\n\n\n\n<p>Detall\u00f3 que la XVI Guelaguetza Magisterial y Popular 2023 tiene el prop\u00f3sito de defender la cultura e identidad, ofreciendo un espacio de denuncia, de escuela sindical y pedag\u00f3gica para reactivar la lucha de los trabajadores de la escuela en el beneficio de la educaci\u00f3n de nuestros pueblos.<\/p>\n\n\n\n<p>\u201cEn esta Guelaguetza al un\u00edsono gritemos \u00a1alto a las violaciones de los derechos humanos y del pueblo de Oaxaca\u00a1 \u00a1Ya basta de asesinatos! \u00a1Alto al Feminicidio! \u00a1Respeto a nuestra libertad de expresi\u00f3n! \u00a1No m\u00e1s un crimen de Estado en Oaxaca y en M\u00e9xico! \u00a1No al R\u00e9gimen de Excepci\u00f3n Laboral contenida en la Reforma Educativa PE\u00d1A-AMLO! \u00a1Justicia para las v\u00edctimas del 2006, para Nochixtl\u00e1n! \u00a1Nos siguen faltando 43, y la verdad! \u00a1Abrogaci\u00f3n de la Ley del ISSSTE! \u00a1Jubilaci\u00f3n digna a los trabajadores que entregan su vida a la educaci\u00f3n!\u201d, expuso.<\/p>\n\n\n\n<p>Reforz\u00f3 que de sus peticiones, nada est\u00e1 resuelto, por lo que en unidad saldr\u00e1n a fortalecer la lucha de la Secci\u00f3n 22 y de la CNTE, \u201cporque el magisterio oaxaque\u00f1o es la punta de lanza en la democracia sindical con la toma de decisiones en las asambleas, somos propuesta y protesta, somos la vigencia de la transformaci\u00f3n de la educaci\u00f3n con el PTEO\u201d.<\/p>\n\n\n\n<p>La primera edici\u00f3n se efectuar\u00e1 el 17 de julio en el estadio del Instituto Tecnol\u00f3gico de Oaxaca, con sus respectivas previas calendas y convites en la ciudad de Oaxaca.<\/p>\n\n\n\n<p>La segunda edici\u00f3n ser\u00e1 el 24 de julio, en el municipio de Asunci\u00f3n Nochixtl\u00e1n, en memoria de las v\u00edctimas de la masacre ocurrida el 19 de junio de 2016.<\/p>\n","protected":false},"excerpt":{"rendered":"<p>Redacci\u00f3n\/Zona Roja. Oaxaca de Ju\u00e1rez, Oax., 29 de junio de 2023.- Bajo la premisa que&hellip;<\/p>\n","protected":false},"author":2,"featured_media":57015,"comment_status":"closed","ping_status":"open","sticky":false,"template":"","format":"standard","meta":{"_lmt_disableupdate":"","_lmt_disable":"","_jetpack_memberships_contains_paid_content":false,"footnotes":""},"categories":[109,46],"tags":[312],"class_list":["post-57027","post","type-post","status-publish","format-standard","has-post-thumbnail","hentry","category-minuto-a-minuto","category-zona-blanca","tag-seccion-22-del-snte"],"jetpack_featured_media_url":"https:\/\/zonaroja.com.mx\/wp-content\/uploads\/2023\/06\/Guelaguetza-magisterial-2023.jpg","jetpack_sharing_enabled":true,"_links":{"self":[{"href":"https:\/\/zonaroja.com.mx\/index.php?rest_route=\/wp\/v2\/posts\/57027","targetHints":{"allow":["GET"]}}],"collection":[{"href":"https:\/\/zonaroja.com.mx\/index.php?rest_route=\/wp\/v2\/posts"}],"about":[{"href":"https:\/\/zonaroja.com.mx\/index.php?rest_route=\/wp\/v2\/types\/post"}],"author":[{"embeddable":true,"href":"https:\/\/zonaroja.com.mx\/index.php?rest_route=\/wp\/v2\/users\/2"}],"replies":[{"embeddable":true,"href":"https:\/\/zonaroja.com.mx\/index.php?rest_route=%2Fwp%2Fv2%2Fcomments&post=57027"}],"version-history":[{"count":1,"href":"https:\/\/zonaroja.com.mx\/index.php?rest_route=\/wp\/v2\/posts\/57027\/revisions"}],"predecessor-version":[{"id":57028,"href":"https:\/\/zonaroja.com.mx\/index.php?rest_route=\/wp\/v2\/posts\/57027\/revisions\/57028"}],"wp:featuredmedia":[{"embeddable":true,"href":"https:\/\/zonaroja.com.mx\/index.php?rest_route=\/wp\/v2\/media\/57015"}],"wp:attachment":[{"href":"https:\/\/zonaroja.com.mx\/index.php?rest_route=%2Fwp%2Fv2%2Fmedia&parent=57027"}],"wp:term":[{"taxonomy":"category","embeddable":true,"href":"https:\/\/zonaroja.com.mx\/index.php?rest_route=%2Fwp%2Fv2%2Fcategories&post=57027"},{"taxonomy":"post_tag","embeddable":true,"href":"https:\/\/zonaroja.com.mx\/index.php?rest_route=%2Fwp%2Fv2%2Ftags&post=57027"}],"curies":[{"name":"wp","href":"https:\/\/api.w.org\/{rel}","templated":true}]}}